{"id":159962,"date":"2017-02-07T20:16:46","date_gmt":"2017-02-07T19:16:46","guid":{"rendered":"http:\/\/www.fuldaer-nachrichten.de\/?p=159962"},"modified":"2017-02-07T20:16:46","modified_gmt":"2017-02-07T19:16:46","slug":"fuerstlich-shoppen-in-fulda","status":"publish","type":"post","link":"https:\/\/www.fuldaernachrichten.de\/?p=159962","title":{"rendered":"F\u00fcrstlich shoppen in Fulda"},"content":{"rendered":"<p>\u201eHandwerk und Selbstgemachtes\u201c stehen im Fokus einer neuen F\u00fchrung durch die osthessische Barockstadt.<\/p>\n<p>Auf dem neuen Stadtrundgang \u201eF\u00fcrstlich shoppen in Fulda\u201c besuchen die Teilnehmer Handwerker, Kreative und passionierte Ladeninhaber der osthessischen Residenzstadt. Begleitet von einem sachkundigen G\u00e4stef\u00fchrer lernen sie beispielsweise eine Textildesignerin mit ihren au\u00dfergew\u00f6hnlichen Kreationen kennen, schauen einem Restaurator bei seiner Arbeit \u00fcber die Schulter und halten ein Schw\u00e4tzchen mit Shop-Besitzern, die ihre Waren mit viel Liebe zum Detail individuell ausw\u00e4hlen.<\/p>\n<p>Auch zwei kulinarische Stopps \u2013 in einer Kaffeer\u00f6sterei, in der k\u00f6stliche Kaffeespezialit\u00e4ten probiert werden k\u00f6nnen, und in einem Feinkostgesch\u00e4ft, wo ein Fuldaer Tapas-Teller mit handgemachten Leckereien auf die regionale K\u00fcche einstimmt \u2013 werden auf der 2,5-st\u00fcndigen Tour eingelegt.<\/p>\n<p>Der Stadtrundgang \u201eF\u00fcrstlich shoppen in Fulda\u201c findet ein Mal pro Monat statt, erster Termin ist der 8. April 2017 um 10 Uhr. Die Teilnahme kostet 15 Euro pro Person. Gruppen bis zw\u00f6lf Personen k\u00f6nnen individuelle Termine f\u00fcr 180 Euro pro F\u00fchrung vereinbaren. Die Tour kann beim Tourismus und Kongressmanagement Fulda, Palais Buttlar, Bonifatiusplatz 1, 36037 Fulda, telefonisch unter 0661 \/ 102 1814 oder per Mail an tourismus@fulda.de gebucht werden.<\/p>\n<p>Weitere Informationen unter www.tourismus-fulda.de.<\/p>\n","protected":false},"excerpt":{"rendered":"<div class=\"tmnf_excerpt\"><p>\u201eHandwerk und Selbstgemachtes\u201c stehen im Fokus einer neuen F\u00fchrung durch die osthessische Barockstadt. Auf dem neuen Stadtrundgang \u201eF\u00fcrstlich shoppen in Fulda\u201c besuchen die Teilnehmer Handwerker, Kreative und passionierte Ladeninhaber der osthessischen Residenzstadt. Begleitet von einem sachkundigen G\u00e4stef\u00fchrer lernen sie beispielsweise eine Textildesignerin mit ihren au\u00dfergew\u00f6hnlichen Kreationen kennen, schauen einem Restaurator bei seiner Arbeit \u00fcber die &hellip;<\/p>\n<\/div>","protected":false},"author":1,"featured_media":159968,"comment_status":"closed","ping_status":"closed","sticky":false,"template":"","format":"standard","meta":{"footnotes":""},"categories":[1],"tags":[],"class_list":["post-159962","post","type-post","status-publish","format-standard","has-post-thumbnail","hentry","category-startseite"],"_links":{"self":[{"href":"https:\/\/www.fuldaernachrichten.de\/index.php?rest_route=\/wp\/v2\/posts\/159962","targetHints":{"allow":["GET"]}}],"collection":[{"href":"https:\/\/www.fuldaernachrichten.de\/index.php?rest_route=\/wp\/v2\/posts"}],"about":[{"href":"https:\/\/www.fuldaernachrichten.de\/index.php?rest_route=\/wp\/v2\/types\/post"}],"author":[{"embeddable":true,"href":"https:\/\/www.fuldaernachrichten.de\/index.php?rest_route=\/wp\/v2\/users\/1"}],"replies":[{"embeddable":true,"href":"https:\/\/www.fuldaernachrichten.de\/index.php?rest_route=%2Fwp%2Fv2%2Fcomments&post=159962"}],"version-history":[{"count":1,"href":"https:\/\/www.fuldaernachrichten.de\/index.php?rest_route=\/wp\/v2\/posts\/159962\/revisions"}],"predecessor-version":[{"id":159969,"href":"https:\/\/www.fuldaernachrichten.de\/index.php?rest_route=\/wp\/v2\/posts\/159962\/revisions\/159969"}],"wp:featuredmedia":[{"embeddable":true,"href":"https:\/\/www.fuldaernachrichten.de\/index.php?rest_route=\/wp\/v2\/media\/159968"}],"wp:attachment":[{"href":"https:\/\/www.fuldaernachrichten.de\/index.php?rest_route=%2Fwp%2Fv2%2Fmedia&parent=159962"}],"wp:term":[{"taxonomy":"category","embeddable":true,"href":"https:\/\/www.fuldaernachrichten.de\/index.php?rest_route=%2Fwp%2Fv2%2Fcategories&post=159962"},{"taxonomy":"post_tag","embeddable":true,"href":"https:\/\/www.fuldaernachrichten.de\/index.php?rest_route=%2Fwp%2Fv2%2Ftags&post=159962"}],"curies":[{"name":"wp","href":"https:\/\/api.w.org\/{rel}","templated":true}]}}