{"id":159958,"date":"2017-02-07T20:15:55","date_gmt":"2017-02-07T19:15:55","guid":{"rendered":"http:\/\/www.fuldaer-nachrichten.de\/?p=159958"},"modified":"2017-02-07T20:15:55","modified_gmt":"2017-02-07T19:15:55","slug":"traditionelle-hrabanus-maurus-akademie-festvortrag-thematisierte-wahrheiten-der-schrift","status":"publish","type":"post","link":"https:\/\/www.fuldaernachrichten.de\/?p=159958","title":{"rendered":"Traditionelle Hrabanus-Maurus-Akademie \u2013 Festvortrag thematisierte Wahrheiten der Schrift"},"content":{"rendered":"<p>\u201eUnser Bistum braucht Priester, die \u00e2\u20ac\u0161mit lauterem Herzen Gott suchen\u00e2\u20ac\u02dc, also Priester mit Sehnsucht in ihren Herzen, die sich nicht mit vorschnellen Antworten zufriedengeben\u201c, unterstrich der Fuldaer Bischof Heinz Josef Algermissen am Montag im Auditorium maximum der Theologischen Fakult\u00e4t Fulda. Der Oberhirte, der in seiner Eigenschaft als Gro\u00dfkanzler der Theologischen Fakult\u00e4t ein Schlusswort zur traditionellen Hrabanus-Maurus-Akademie sprach, bezeichnete es als Aufgabe der Professoren und Studenten der Theologie, sich dem gro\u00dfen Geheimnis Gottes je und je zu n\u00e4hern. Anbetung sei keine Unterwerfung, sondern \u201edankbares Anerkennen, dass Gott sich von uns finden l\u00e4sst\u201c. Der Bischof zitierte den 1945 von den Nationalsozialisten ermordeten Jesuiten Alfred Delp: \u201eDas gebeugte Knie und die hingehaltenen leeren H\u00e4nde sind die beiden Urgeb\u00e4rden des freien Menschen\u201c. Die Suche nach Gott habe auch den roten Faden im Leben des Fuldaer Abtes Hrabanus Maurus gebildet, der seine Arbeit ganz in den Dienst der Kirche gestellt habe. In der heutigen gesellschaftlichen Atmosph\u00e4re sei die Suche nach Gott nicht mehr selbstverst\u00e4ndlich, denn Gleichg\u00fcltigkeit und Indifferentismus, \u201edie eigentlichen Feinde der Wahrheit\u201c, raubten die Kraft, in die Glaubenswirklichkeit hin\u00fcberzuschauen, und l\u00e4gen \u201ewie Mehltau\u201c \u00fcber dem geistigen Leben der modernen Gesellschaft.<\/p>\n<p>Verabschiedung langj\u00e4hriger Dozenten und Ehrung von Abschlussarbeiten<br \/>\nZu Beginn der Festakademie hatte Rektor Prof. Dr. Christoph Gregor M\u00fcller den Bischof sowie Weihbischof Prof. Dr. Karlheinz Diez, die Domkapitulare und Professoren der Theologischen Fakult\u00e4t und zahlreiche G\u00e4ste aus Gesellschaft, Kirche und Wissenschaft begr\u00fc\u00dft. Im Laufe der Veranstaltung wurde der Referent, Hochschuldozent Dr. Klaus Dorn (Marburg), f\u00fcr 35 Jahre Lehrt\u00e4tigkeit mit einer Festschrift geehrt und in den Ruhestand verabschiedet. Der Rektor dankte des Weiteren Offizialatsrat Eric Janson und Studienr\u00e4tin Dr. Andrea Paul f\u00fcr ihr langj\u00e4hriges Wirken am Katholisch-Theologischen Seminar der Universit\u00e4t Marburg. Sodann sprach er dem scheidenden Justitiar des Bistums, Dr. Albert Post, und Domkapitular Professor Dr. Lothar W\u00e4chter seinen Dank f\u00fcr ihre Lehrt\u00e4tigkeit an der Theologischen Fakult\u00e4t aus. Ihre Promotionsurkunden erhielten Justin Kamwanya Kishimbe aus dem Kongo und Nazariy Mysyakovskyy aus der Ukraine. F\u00fcr ihre akademischen Abschlussarbeiten wurden den angehenden Pastoralreferentinnen Sarah Benkner, Katharina Kraus und Victoria Angelstein der mit je 1.000 dotierte Eduard-Schick-Preis verliehen. Die Akademieveranstaltung wurde von Marius H\u00fcbner, Dominik Ritter und Raphael Weichbrodt mit hebr\u00e4ischen Liedern und Musikst\u00fccken umrahmt.<\/p>\n<p>Festvortrag \u00fcber die Wahrheiten der Schrift an alttestamentlichen Beispielen<br \/>\nIn seinem Vortrag \u201eDie verschiedenen Wahrheiten der Schrift\u201c verdeutlichte Dr. Dorn am Beispiel der alttestamentlichen K\u00f6nige Joschija und Ahab, wie die historischen Ereignisse und die Situation der Erz\u00e4hlzeit sich unterschieden. Joschija habe als idealer K\u00f6nig gegolten, der aber eines gewaltsamen Todes starb, w\u00e4hrend der als schlecht eingestufte Ahab friedlich entschlafen war. F\u00fcr die Verfasser der Texte passte dieser Kontrast nicht zusammen, so dass sie die Geschichte im Sinne der Heilsgeschichte neu interpretieren mussten. So sei der gewaltsame Tod des Joschija durch eine Prophetie der Hulda und ein Sterben erst nach der Verwundung in der heiligen Stadt Jerusalem umgedeutet worden. \u201eDie verschiedenen Deutungen der Geschichte neben der keineswegs unterschlagenen Historie auszuhalten ist das eigentlich Bewundernswerte der alttestamentlichen Geschichtsschreibung\u201c, betonte Dr. Dorn.<\/p>\n","protected":false},"excerpt":{"rendered":"<div class=\"tmnf_excerpt\"><p>\u201eUnser Bistum braucht Priester, die \u00e2\u20ac\u0161mit lauterem Herzen Gott suchen\u00e2\u20ac\u02dc, also Priester mit Sehnsucht in ihren Herzen, die sich nicht mit vorschnellen Antworten zufriedengeben\u201c, unterstrich der Fuldaer Bischof Heinz Josef Algermissen am Montag im Auditorium maximum der Theologischen Fakult\u00e4t Fulda. Der Oberhirte, der in seiner Eigenschaft als Gro\u00dfkanzler der Theologischen Fakult\u00e4t ein Schlusswort zur traditionellen &hellip;<\/p>\n<\/div>","protected":false},"author":1,"featured_media":159963,"comment_status":"closed","ping_status":"closed","sticky":false,"template":"","format":"standard","meta":{"footnotes":""},"categories":[1],"tags":[],"class_list":["post-159958","post","type-post","status-publish","format-standard","has-post-thumbnail","hentry","category-startseite"],"_links":{"self":[{"href":"https:\/\/www.fuldaernachrichten.de\/index.php?rest_route=\/wp\/v2\/posts\/159958","targetHints":{"allow":["GET"]}}],"collection":[{"href":"https:\/\/www.fuldaernachrichten.de\/index.php?rest_route=\/wp\/v2\/posts"}],"about":[{"href":"https:\/\/www.fuldaernachrichten.de\/index.php?rest_route=\/wp\/v2\/types\/post"}],"author":[{"embeddable":true,"href":"https:\/\/www.fuldaernachrichten.de\/index.php?rest_route=\/wp\/v2\/users\/1"}],"replies":[{"embeddable":true,"href":"https:\/\/www.fuldaernachrichten.de\/index.php?rest_route=%2Fwp%2Fv2%2Fcomments&post=159958"}],"version-history":[{"count":1,"href":"https:\/\/www.fuldaernachrichten.de\/index.php?rest_route=\/wp\/v2\/posts\/159958\/revisions"}],"predecessor-version":[{"id":159964,"href":"https:\/\/www.fuldaernachrichten.de\/index.php?rest_route=\/wp\/v2\/posts\/159958\/revisions\/159964"}],"wp:featuredmedia":[{"embeddable":true,"href":"https:\/\/www.fuldaernachrichten.de\/index.php?rest_route=\/wp\/v2\/media\/159963"}],"wp:attachment":[{"href":"https:\/\/www.fuldaernachrichten.de\/index.php?rest_route=%2Fwp%2Fv2%2Fmedia&parent=159958"}],"wp:term":[{"taxonomy":"category","embeddable":true,"href":"https:\/\/www.fuldaernachrichten.de\/index.php?rest_route=%2Fwp%2Fv2%2Fcategories&post=159958"},{"taxonomy":"post_tag","embeddable":true,"href":"https:\/\/www.fuldaernachrichten.de\/index.php?rest_route=%2Fwp%2Fv2%2Ftags&post=159958"}],"curies":[{"name":"wp","href":"https:\/\/api.w.org\/{rel}","templated":true}]}}