{"id":159946,"date":"2017-02-07T20:14:25","date_gmt":"2017-02-07T19:14:25","guid":{"rendered":"http:\/\/www.fuldaer-nachrichten.de\/?p=159946"},"modified":"2017-02-07T20:14:25","modified_gmt":"2017-02-07T19:14:25","slug":"25-jaehriges-dienstjubilaeum-von-frau-ingeborg-schaefer-und-frau-beatrix-eitner","status":"publish","type":"post","link":"https:\/\/www.fuldaernachrichten.de\/?p=159946","title":{"rendered":"25-j\u00e4hriges Dienstjubil\u00e4um von Frau Ingeborg Sch\u00e4fer und Frau Beatrix Eitner"},"content":{"rendered":"<p><a href=\"http:\/\/www.fuldaer-nachrichten.de\/wp-content\/uploads\/2017\/02\/jubi-sch\u00e4fer-eitner-1.jpg\"><img fetchpriority=\"high\" decoding=\"async\" class=\"alignleft size-thumbnail wp-image-159953\" src=\"http:\/\/www.fuldaer-nachrichten.de\/wp-content\/uploads\/2017\/02\/jubi-sch\u00e4fer-eitner-1-265x199.jpg\" alt=\"\" width=\"265\" height=\"199\" \/><\/a>Die 25-j\u00e4hrigen Dienstjubil\u00e4en der Erzieherinnen Ingeborg Sch\u00e4fer und Beatrix Eitner waren Anlass f\u00fcr eine kleine Feier im Rathaus in Flieden.<\/p>\n<p>Frau Ingeborg Sch\u00e4fer ist seit dem 01.04.1991 bei der Gemeinde Flieden besch\u00e4ftigt und seitdem kontinuierlich im Team der Kindertagesst\u00e4tte Magdlos t\u00e4tig. Leiterin Marion Hillenbrand berichtete den Anwesenden von der au\u00dferordentlich guten und humorvollen Zusammenarbeit mit Frau Sch\u00e4fer und dankte ihr f\u00fcr ihre Zuverl\u00e4ssigkeit und st\u00e4ndige Einsatzbereitschaft. Die staatlich anerkannte Erzieherin tr\u00e4gt mit ihrer offenen und zuverl\u00e4ssigen Art einen wesentlichen Bestandteil zu einem kollegialen Arbeitsumfeld bei.<\/p>\n<p>Frau Beatrix Eitner ist seit 01.11.1991 bei der Gemeinde Flieden besch\u00e4ftigt.<br \/>\nAls staatlich anerkannte Erzieherin hatte sich Frau Eitner vor 25 Jahren auf eine Stelle im gemeindeeigenen Kindergarten beworben. Seit ihrer Einstellung ist Frau Eitner in der Kindertagesst\u00e4tte St. Josef eingesetzt und ein konstanter Teil der \u201eroten\u201c Gruppe. Mit ihrem Talent beim Puppentheaterspiel erfreut sie immer wieder Kinder und Kolleginnen. Dar\u00fcber hinaus hat Frau Eitner schon einige Erzieher\/-innen auf ihrem letzten Schritt in ihr Berufsleben erfolgreich angeleitet und konnte ihre Erfahrung stets in den t\u00e4glichen Arbeitsablauf einbringen.<\/p>\n<p>In einer kleinen Feierstunde \u00fcberbrachte B\u00fcrgermeister Christian Henkel die Gl\u00fcckw\u00fcnsche der Gemeinde Flieden und \u00fcberreichte den Jubilarinnen eine Ehrenurkunde und ein Pr\u00e4sent, womit er zum Ausdruck brachte, dass er sich auf eine weitere vertrauensvolle Zusammenarbeit freue.<br \/>\nAu\u00dferdem gratulierten Personalratsvorsitzende und Leiterin der Kindertagesst\u00e4tte St. Josef, Jennifer Heil, die Leiterin der Kindertagesst\u00e4tte Magdlos, Marion Hillenbrand sowie Kolleginnen und Kollegen aus dem jeweiligen Kindergarten.<\/p>\n","protected":false},"excerpt":{"rendered":"<div class=\"tmnf_excerpt\"><p>Die 25-j\u00e4hrigen Dienstjubil\u00e4en der Erzieherinnen Ingeborg Sch\u00e4fer und Beatrix Eitner waren Anlass f\u00fcr eine kleine Feier im Rathaus in Flieden. Frau Ingeborg Sch\u00e4fer ist seit dem 01.04.1991 bei der Gemeinde Flieden besch\u00e4ftigt und seitdem kontinuierlich im Team der Kindertagesst\u00e4tte Magdlos t\u00e4tig. Leiterin Marion Hillenbrand berichtete den Anwesenden von der au\u00dferordentlich guten und humorvollen Zusammenarbeit mit &hellip;<\/p>\n<\/div>","protected":false},"author":1,"featured_media":159952,"comment_status":"closed","ping_status":"closed","sticky":false,"template":"","format":"standard","meta":{"footnotes":""},"categories":[1],"tags":[],"class_list":["post-159946","post","type-post","status-publish","format-standard","has-post-thumbnail","hentry","category-startseite"],"_links":{"self":[{"href":"https:\/\/www.fuldaernachrichten.de\/index.php?rest_route=\/wp\/v2\/posts\/159946","targetHints":{"allow":["GET"]}}],"collection":[{"href":"https:\/\/www.fuldaernachrichten.de\/index.php?rest_route=\/wp\/v2\/posts"}],"about":[{"href":"https:\/\/www.fuldaernachrichten.de\/index.php?rest_route=\/wp\/v2\/types\/post"}],"author":[{"embeddable":true,"href":"https:\/\/www.fuldaernachrichten.de\/index.php?rest_route=\/wp\/v2\/users\/1"}],"replies":[{"embeddable":true,"href":"https:\/\/www.fuldaernachrichten.de\/index.php?rest_route=%2Fwp%2Fv2%2Fcomments&post=159946"}],"version-history":[{"count":1,"href":"https:\/\/www.fuldaernachrichten.de\/index.php?rest_route=\/wp\/v2\/posts\/159946\/revisions"}],"predecessor-version":[{"id":159955,"href":"https:\/\/www.fuldaernachrichten.de\/index.php?rest_route=\/wp\/v2\/posts\/159946\/revisions\/159955"}],"wp:featuredmedia":[{"embeddable":true,"href":"https:\/\/www.fuldaernachrichten.de\/index.php?rest_route=\/wp\/v2\/media\/159952"}],"wp:attachment":[{"href":"https:\/\/www.fuldaernachrichten.de\/index.php?rest_route=%2Fwp%2Fv2%2Fmedia&parent=159946"}],"wp:term":[{"taxonomy":"category","embeddable":true,"href":"https:\/\/www.fuldaernachrichten.de\/index.php?rest_route=%2Fwp%2Fv2%2Fcategories&post=159946"},{"taxonomy":"post_tag","embeddable":true,"href":"https:\/\/www.fuldaernachrichten.de\/index.php?rest_route=%2Fwp%2Fv2%2Ftags&post=159946"}],"curies":[{"name":"wp","href":"https:\/\/api.w.org\/{rel}","templated":true}]}}