{"id":159939,"date":"2017-02-07T20:13:24","date_gmt":"2017-02-07T19:13:24","guid":{"rendered":"http:\/\/www.fuldaer-nachrichten.de\/?p=159939"},"modified":"2017-02-07T20:13:24","modified_gmt":"2017-02-07T19:13:24","slug":"kinderkrippe-das-entdeckernest-stellt-neue-konzeption-vor","status":"publish","type":"post","link":"https:\/\/www.fuldaernachrichten.de\/?p=159939","title":{"rendered":"Kinderkrippe \u201eDas Entdeckernest\u201c stellt neue Konzeption vor"},"content":{"rendered":"<p>Die Gemeinde Poppenhausen (Wasserkuppe) pr\u00e4sentiert sich seit geraumer Zeit als familienfreundliche Gemeinde. Die Rh\u00f6ngemeinde bietet eine Kinderbetreuung von der Geburt bis zum 10. Lebensjahr an. Die M\u00f6glichkeiten der Betreuung reichen von der Tagesmutter \u00fcber die Kinderkrippe \u201eDas Entdeckernest\u201c sowie die katholische Kindertagesst\u00e4tte St. Elisabeth bis hin zum Kinderhort f\u00fcr die Nachmittagsbetreuung der Grundsch\u00fcler\/-innen.<\/p>\n<p>Unter Ber\u00fccksichtigung der demographischen Entwicklungsprognosen wurde bereits im Sommer 2010 der Neubau einer U3-Einrichtung mit 2 Gruppen realisiert. Weil die Kleinen zum Entdecken ihrer Welt p\u00e4dagogisch begleitet werden, wurde der Kinderkrippe den Namen \u201eDas Entdeckernest\u201c gegeben.<\/p>\n<p>Ziel des p\u00e4dagogischen Konzeptes der Kinderkrippe ist es, dass die Kinder dort eine gr\u00f6\u00dftm\u00f6gliche Geborgenheit erfahren. Die Betreuung, die Begleitung und die Bildung orientieren sich an einer christlichen und sozialen Wertevorstellung.<\/p>\n<p>Ein gutes Angebot bei der Kinderbetreuung z\u00e4hlt heute zu den wichtigsten Bestandteilen der sozialen Infrastruktur im l\u00e4ndlichen Raum. Bei der Wahl des Wohnortes f\u00fcr die Familie ist zunehmend auch die Betreuungsm\u00f6glichkeit von Kleinkindern von Bedeutung.<br \/>\nDie bei der Er\u00f6ffnung der Einrichtung vorgelegte Konzeption war nach Zeitablauf zu aktualisieren und fortzuschreiben.<\/p>\n<p>Nach einer \u00dcberarbeitungs- und Weiterentwicklungszeit von 2 Jahren, in denen das Team mit der Kita-Leiterin Eva-Maria Kirst viel Engagement, Erfahrung und Herzblut in diese \u00dcberarbeitung investiert hat, halten diese nun eine aktuelle und farbenfrohe Version des p\u00e4dagogischen Konzepts in ihren H\u00e4nden.<\/p>\n<p>\u00dcber die Fertigstellung der neuen Konzeption der Kinderkrippe \u201eDas Entdeckernest\u201c in Poppenhausen freuen sich die Erzieherinnen des Teams, Barbara B\u00f6hm-Zentgraf, Marion Fladung, Regina Helfrich, Anja Hohmann, Melanie Jaborek und Eva-Maria Kirst, mit B\u00fcrgermeister Manfred Helfrich und Frau Anja Sch\u00e4fer von der Elternvertretung.<\/p>\n<p>Bei der Fortschreibung der Konzeption war es den Erzieherinnen wichtig, all das was ihnen an der Arbeit mit den Kindern, den Eltern, in der Zusammenarbeit und im Team wichtig ist in Worte und Bilder zu fassen.<\/p>\n<p>Die Mitarbeiterinnen des Teams haben ihr p\u00e4dagogisches Konzept in Diskussions- und Austauschprozessen hinterfragt, die Haltung und Einstellung zur Arbeit mit den Kindern \u00fcberpr\u00fcft und sich auf Schwerpunkte ihrer p\u00e4dagogischen Arbeit verst\u00e4ndigt.<\/p>\n<p>\u201eDiese Konzeption ist die theoretische Grundlage unserer Arbeit mit den Kindern. Die Umsetzung bedeutet f\u00fcr uns t\u00e4gliche Freude und Herausforderung zugleich. Wir sind niemals am Ziel, sondern immer auf dem Weg!\u201c best\u00e4tigt das Team im Vorwort der Konzeption und bedankt sich ganz herzlich bei Frau Karin Maria G\u00fcnther, Fachberatung Kindertageseinrichtungen beim Landkreis Fulda, die das Erzieherinnenteam bei der Weiterentwicklung ihrer Konzeption tatkr\u00e4ftig unterst\u00fctzt und angeleitet hat.<\/p>\n<p>Ein ganz besonderes Lob geht an Frau Tanja B\u00f6hm von der Agentur \u201eIdeenReich Rh\u00f6n\u201c, Grafik-Satz-Layout aus Poppenhausen, die mit der Gestaltung der neuen Brosch\u00fcre betraut wurde. In enger Zusammenarbeit mit dem Team erstellte sie eine \u00fcbersichtlich gegliederte und insgesamt sehr attraktive Brosch\u00fcre in ansprechender Form.<\/p>\n<p>Das Entdeckernest-Team bedankt sich auch bei dem Tr\u00e4ger der Einrichtung, der Gemeinde Poppenhausen (Wasserkuppe), f\u00fcr die ideelle und finanzielle Unterst\u00fctzung bei der Weiterentwicklung der Konzeption.<br \/>\n\u201eEntsprechend unserem Leitbild `Tradition bewahren \u2013 Fortschritt leben\u00c2\u00b4 bekennen wir uns einerseits zur traditionellen Familie, in der die Eltern Zeit haben oder sich die Zeit nehmen, ihre Kinder in den ersten Lebensjahren eng zu begleiten. Andererseits sind wir uns aber auch bewusst, dass sich die Gesellschaft, die Zw\u00e4nge und die Bed\u00fcrfnisse der Menschen und damit auch der Familien ver\u00e4ndert haben.<br \/>\nEs ist unser Bestreben, die hier lebenden Familien und auch die alleinerziehenden Eltern bei ihrer Aufgabenstellung zu unterst\u00fctzen und durch unsere Angebote geeignete M\u00f6glichkeiten zu er\u00f6ffnen\u201c, so B\u00fcrgermeister Manfred Helfrich.<\/p>\n","protected":false},"excerpt":{"rendered":"<div class=\"tmnf_excerpt\"><p>Die Gemeinde Poppenhausen (Wasserkuppe) pr\u00e4sentiert sich seit geraumer Zeit als familienfreundliche Gemeinde. Die Rh\u00f6ngemeinde bietet eine Kinderbetreuung von der Geburt bis zum 10. Lebensjahr an. Die M\u00f6glichkeiten der Betreuung reichen von der Tagesmutter \u00fcber die Kinderkrippe \u201eDas Entdeckernest\u201c sowie die katholische Kindertagesst\u00e4tte St. Elisabeth bis hin zum Kinderhort f\u00fcr die Nachmittagsbetreuung der Grundsch\u00fcler\/-innen. Unter Ber\u00fccksichtigung &hellip;<\/p>\n<\/div>","protected":false},"author":1,"featured_media":159947,"comment_status":"closed","ping_status":"closed","sticky":false,"template":"","format":"standard","meta":{"footnotes":""},"categories":[1],"tags":[],"class_list":["post-159939","post","type-post","status-publish","format-standard","has-post-thumbnail","hentry","category-startseite"],"_links":{"self":[{"href":"https:\/\/www.fuldaernachrichten.de\/index.php?rest_route=\/wp\/v2\/posts\/159939","targetHints":{"allow":["GET"]}}],"collection":[{"href":"https:\/\/www.fuldaernachrichten.de\/index.php?rest_route=\/wp\/v2\/posts"}],"about":[{"href":"https:\/\/www.fuldaernachrichten.de\/index.php?rest_route=\/wp\/v2\/types\/post"}],"author":[{"embeddable":true,"href":"https:\/\/www.fuldaernachrichten.de\/index.php?rest_route=\/wp\/v2\/users\/1"}],"replies":[{"embeddable":true,"href":"https:\/\/www.fuldaernachrichten.de\/index.php?rest_route=%2Fwp%2Fv2%2Fcomments&post=159939"}],"version-history":[{"count":1,"href":"https:\/\/www.fuldaernachrichten.de\/index.php?rest_route=\/wp\/v2\/posts\/159939\/revisions"}],"predecessor-version":[{"id":159948,"href":"https:\/\/www.fuldaernachrichten.de\/index.php?rest_route=\/wp\/v2\/posts\/159939\/revisions\/159948"}],"wp:featuredmedia":[{"embeddable":true,"href":"https:\/\/www.fuldaernachrichten.de\/index.php?rest_route=\/wp\/v2\/media\/159947"}],"wp:attachment":[{"href":"https:\/\/www.fuldaernachrichten.de\/index.php?rest_route=%2Fwp%2Fv2%2Fmedia&parent=159939"}],"wp:term":[{"taxonomy":"category","embeddable":true,"href":"https:\/\/www.fuldaernachrichten.de\/index.php?rest_route=%2Fwp%2Fv2%2Fcategories&post=159939"},{"taxonomy":"post_tag","embeddable":true,"href":"https:\/\/www.fuldaernachrichten.de\/index.php?rest_route=%2Fwp%2Fv2%2Ftags&post=159939"}],"curies":[{"name":"wp","href":"https:\/\/api.w.org\/{rel}","templated":true}]}}