{"id":159935,"date":"2017-02-06T20:04:25","date_gmt":"2017-02-06T19:04:25","guid":{"rendered":"http:\/\/www.fuldaer-nachrichten.de\/?p=159935"},"modified":"2017-02-06T20:04:25","modified_gmt":"2017-02-06T19:04:25","slug":"kerzeller-malteser-suchen-hilfsgueter-fuer-rumaenien","status":"publish","type":"post","link":"https:\/\/www.fuldaernachrichten.de\/?p=159935","title":{"rendered":"Kerzeller Malteser suchen Hilfsg\u00fcter f\u00fcr Rum\u00e4nien"},"content":{"rendered":"<p>Im April organisiert der Malteser Hilfsdienst Kerzell wieder einen Hilfstransport nach Siebenb\u00fcrgen \/ Rum\u00e4nien. Seit 1991 unterst\u00fctzen die Kerzeller die Arbeit der Malteser in Sfantu Gheorghe. Sie helfen so, die Not der vielen sozial schlecht gestellten Menschen in dieser Gegend zu lindern und geben Hilfe zur Selbsthilfe. Vor Ort werden ca. 250 meist kinderreiche Familien und zus\u00e4tzlich noch ca. 100 Senioren unterst\u00fctzt, die am Rande des Existenzminimums leben.<\/p>\n<p>Im Moment werden dort t\u00e4glich ca. 20 Senioren mit einem warmen Essen versorgt. Die rum\u00e4nischen Partner betreiben gemeinsam mit den \u00f6rtlichen Beh\u00f6rden eine Obdachlosenunterkunft. Dort finden t\u00e4glich ca. 50 Personen eine M\u00f6glichkeit zu \u00fcbernachten, werden auch \u00e4rztlich betreut und haben die M\u00f6glichkeit sich zu waschen und werden mit sauberer Kleidung ausgestattet.<\/p>\n<p>Eine au\u00dferhalb gelegene Schule bekommt ebenso Hilfe. In \u00fcber 25 Jahren, in denen die Malteser aus Kerzell sich nun schon f\u00fcr die Belange der \u00c4rmsten in Rum\u00e4nien einsetzen, sind \u00fcber 500 Tonnen an Hilfsmitteln in Form von Kleidung, Lebensmitteln, medizinischen Ger\u00e4ten und Dingen des t\u00e4glichen Bedarfs in diese Region gebracht worden. Jedes Jahr \u00fcberzeugen sich die Kerzeller Malteser selbst davon, dass die Mittel auch da ankommen, wo sie ben\u00f6tigt werden.<\/p>\n<p>F\u00fcr den Transport in diesem Jahr werden noch Hilfsg\u00fcter ben\u00f6tigt, vor allem gut erhaltene Kleidung, noch tragf\u00e4hige Schuhe, Bettw\u00e4sche und Federbetten, w\u00e4rmende Decken jeder Art, Schulranzen und -zubeh\u00f6r (Stifte, Schreibmaterialien usw.), Gehhilfen (keine Rollatoren), gut erhaltene Spielsachen und auch Geldspenden. Die Hilfsg\u00fcter sollten lose oder in S\u00e4cken verpackt angeliefert werden (keine Kartons, Reisetaschen oder Koffer), da alles transportgerecht umgepackt wird. Gut erhaltene Matratzen sollten so verpackt werden, dass sie w\u00e4hrend des Transportes nicht zus\u00e4tzlich verschmutzen.\u00c2\u00a0 Die Annahme der Hilfsg\u00fcter erfolgt ab Freitag, 17. Februar 2017, immer Freitags von 15:00-18:00 Uhr in Hattenhof, Oberl\u00e4ndchen 13A.<\/p>\n<p>Spendenkonto: IBAN DE70530601800004173872<br \/>\nBIC: GENODE51FUL bei der Genossenschaftsbank Rothemann<br \/>\nDie Hilfsg\u00fcter werden bis zum 10.M\u00e4rz angenommen.<br \/>\nF\u00fcr weitere Informationen stehen Frank Heil (Telefon 06659\/4479) sowie<br \/>\nMartin Schellenberger (06659\/919362) von der Malteser Ortsgruppe und der Malteser-Auslandsbeauftragte Georg Hornung ( 0661\/42666) zur Verf\u00fcgung.<\/p>\n","protected":false},"excerpt":{"rendered":"<div class=\"tmnf_excerpt\"><p>Im April organisiert der Malteser Hilfsdienst Kerzell wieder einen Hilfstransport nach Siebenb\u00fcrgen \/ Rum\u00e4nien. Seit 1991 unterst\u00fctzen die Kerzeller die Arbeit der Malteser in Sfantu Gheorghe. Sie helfen so, die Not der vielen sozial schlecht gestellten Menschen in dieser Gegend zu lindern und geben Hilfe zur Selbsthilfe. Vor Ort werden ca. 250 meist kinderreiche Familien &hellip;<\/p>\n<\/div>","protected":false},"author":1,"featured_media":159936,"comment_status":"closed","ping_status":"closed","sticky":false,"template":"","format":"standard","meta":{"footnotes":""},"categories":[1],"tags":[],"class_list":["post-159935","post","type-post","status-publish","format-standard","has-post-thumbnail","hentry","category-startseite"],"_links":{"self":[{"href":"https:\/\/www.fuldaernachrichten.de\/index.php?rest_route=\/wp\/v2\/posts\/159935","targetHints":{"allow":["GET"]}}],"collection":[{"href":"https:\/\/www.fuldaernachrichten.de\/index.php?rest_route=\/wp\/v2\/posts"}],"about":[{"href":"https:\/\/www.fuldaernachrichten.de\/index.php?rest_route=\/wp\/v2\/types\/post"}],"author":[{"embeddable":true,"href":"https:\/\/www.fuldaernachrichten.de\/index.php?rest_route=\/wp\/v2\/users\/1"}],"replies":[{"embeddable":true,"href":"https:\/\/www.fuldaernachrichten.de\/index.php?rest_route=%2Fwp%2Fv2%2Fcomments&post=159935"}],"version-history":[{"count":1,"href":"https:\/\/www.fuldaernachrichten.de\/index.php?rest_route=\/wp\/v2\/posts\/159935\/revisions"}],"predecessor-version":[{"id":159937,"href":"https:\/\/www.fuldaernachrichten.de\/index.php?rest_route=\/wp\/v2\/posts\/159935\/revisions\/159937"}],"wp:featuredmedia":[{"embeddable":true,"href":"https:\/\/www.fuldaernachrichten.de\/index.php?rest_route=\/wp\/v2\/media\/159936"}],"wp:attachment":[{"href":"https:\/\/www.fuldaernachrichten.de\/index.php?rest_route=%2Fwp%2Fv2%2Fmedia&parent=159935"}],"wp:term":[{"taxonomy":"category","embeddable":true,"href":"https:\/\/www.fuldaernachrichten.de\/index.php?rest_route=%2Fwp%2Fv2%2Fcategories&post=159935"},{"taxonomy":"post_tag","embeddable":true,"href":"https:\/\/www.fuldaernachrichten.de\/index.php?rest_route=%2Fwp%2Fv2%2Ftags&post=159935"}],"curies":[{"name":"wp","href":"https:\/\/api.w.org\/{rel}","templated":true}]}}