{"id":159929,"date":"2017-02-06T19:54:30","date_gmt":"2017-02-06T18:54:30","guid":{"rendered":"http:\/\/www.fuldaer-nachrichten.de\/?p=159929"},"modified":"2017-02-06T19:54:56","modified_gmt":"2017-02-06T18:54:56","slug":"acht-junge-saenger-aus-osthessen-erfolgreich-bei-jugend-musiziert","status":"publish","type":"post","link":"https:\/\/www.fuldaernachrichten.de\/?p=159929","title":{"rendered":"Acht junge S\u00e4nger aus Osthessen erfolgreich bei Jugend Musiziert"},"content":{"rendered":"<p>Acht junge S\u00e4ngerinnen und S\u00e4nger nahmen aus der Region des Stadt- und Landkreises Fulda, LK Hersfeld-Rotenburg und dem Vogelsbergkreis in der Kategorie Solo-Gesang teil.<\/p>\n<p>Sieben, der acht Teilnehmer in der Kategorie Klassischer Sologesang, wurden an der Klassischen Gesangsschule Ute B\u00fcttner aus Fulda auf diesen Wettbewerb vorbereitet. An vier Probenwochenenden wurde, zus\u00e4tzlich zum regul\u00e4ren Gesangsunterricht mit dem Pianisten Christoph M\u00fcller, an dem Wettbewerbsprogramm ge\u00fcbt und gefeilt. Zwei Generalprobenkonzerte an der Modellschule am Obersberg in Bad Hersfeld und im Fuldaer Marianum gingen diesem Wettbewerb voraus, um die Auff\u00fchrungspraxis und nervliche Anspannung, die eine Wettbewerbsteilnahme mit sich bringt, zu trainieren.<br \/>\nAll diese Vorbereitungen haben sich gelohnt, denn die Jury vergab an Marisa Lin\u00df (AK7) und Till Biederbeck (AK6) den 1. Preis mit Weiterleitung zum Landeswettbewerb Hessen. Lisann Ha\u00dfler (AK4) und Rieke Warzog (AK5) erhielten den 1. Preis ohne Weiterleitung. Der 2.Preis ging an Lena Henning (AK4) und Teresa Auth, sowie der 3. Preis an Philippa Beermann.<\/p>\n<p>Die jungen S\u00e4ngerinnen und S\u00e4nger trugen mit gereifter Pers\u00f6nlichkeit und hoher Musikalit\u00e4t ihr 10-20 Minuten langes Wettbewerbsprogramm vor. Weitere Informationen und Infos gibt es unter\u00c2\u00a0 www.musikschuleneuhof.de und www.klassische-gesangsschule.de.\u00c2\u00a0 Wer denkt, dass hier nur Klassik gesungen wird irrt. In YouTube k\u00f6nnen Sie einige Titel der Preistr\u00e4ger anh\u00f6ren.<\/p>\n<p>Hier einige links zu den Preistr\u00e4gern:<\/p>\n<p>https:\/\/www.youtube.com\/watch?v=yUhu0jlnbO0<\/p>\n<p><iframe title=\"Marianum Fulda - Teresa singt: Fr\u00fchlingslied von Mendelssohn Klavier: Christoph Willi M\u00fcller\" width=\"500\" height=\"281\" src=\"https:\/\/www.youtube.com\/embed\/AudBPsNojs4?feature=oembed\" frameborder=\"0\" allow=\"accelerometer; autoplay; clipboard-write; encrypted-media; gyroscope; picture-in-picture; web-share\" referrerpolicy=\"strict-origin-when-cross-origin\" allowfullscreen><\/iframe><\/p>\n<p>https:\/\/www.youtube.com\/watch?v=jFbPr4gw5Z0<\/p>\n","protected":false},"excerpt":{"rendered":"<div class=\"tmnf_excerpt\"><p>Acht junge S\u00e4ngerinnen und S\u00e4nger nahmen aus der Region des Stadt- und Landkreises Fulda, LK Hersfeld-Rotenburg und dem Vogelsbergkreis in der Kategorie Solo-Gesang teil. Sieben, der acht Teilnehmer in der Kategorie Klassischer Sologesang, wurden an der Klassischen Gesangsschule Ute B\u00fcttner aus Fulda auf diesen Wettbewerb vorbereitet. An vier Probenwochenenden wurde, zus\u00e4tzlich zum regul\u00e4ren Gesangsunterricht mit &hellip;<\/p>\n<\/div>","protected":false},"author":1,"featured_media":159933,"comment_status":"closed","ping_status":"closed","sticky":false,"template":"","format":"standard","meta":{"footnotes":""},"categories":[1],"tags":[],"class_list":["post-159929","post","type-post","status-publish","format-standard","has-post-thumbnail","hentry","category-startseite"],"_links":{"self":[{"href":"https:\/\/www.fuldaernachrichten.de\/index.php?rest_route=\/wp\/v2\/posts\/159929","targetHints":{"allow":["GET"]}}],"collection":[{"href":"https:\/\/www.fuldaernachrichten.de\/index.php?rest_route=\/wp\/v2\/posts"}],"about":[{"href":"https:\/\/www.fuldaernachrichten.de\/index.php?rest_route=\/wp\/v2\/types\/post"}],"author":[{"embeddable":true,"href":"https:\/\/www.fuldaernachrichten.de\/index.php?rest_route=\/wp\/v2\/users\/1"}],"replies":[{"embeddable":true,"href":"https:\/\/www.fuldaernachrichten.de\/index.php?rest_route=%2Fwp%2Fv2%2Fcomments&post=159929"}],"version-history":[{"count":1,"href":"https:\/\/www.fuldaernachrichten.de\/index.php?rest_route=\/wp\/v2\/posts\/159929\/revisions"}],"predecessor-version":[{"id":159932,"href":"https:\/\/www.fuldaernachrichten.de\/index.php?rest_route=\/wp\/v2\/posts\/159929\/revisions\/159932"}],"wp:featuredmedia":[{"embeddable":true,"href":"https:\/\/www.fuldaernachrichten.de\/index.php?rest_route=\/wp\/v2\/media\/159933"}],"wp:attachment":[{"href":"https:\/\/www.fuldaernachrichten.de\/index.php?rest_route=%2Fwp%2Fv2%2Fmedia&parent=159929"}],"wp:term":[{"taxonomy":"category","embeddable":true,"href":"https:\/\/www.fuldaernachrichten.de\/index.php?rest_route=%2Fwp%2Fv2%2Fcategories&post=159929"},{"taxonomy":"post_tag","embeddable":true,"href":"https:\/\/www.fuldaernachrichten.de\/index.php?rest_route=%2Fwp%2Fv2%2Ftags&post=159929"}],"curies":[{"name":"wp","href":"https:\/\/api.w.org\/{rel}","templated":true}]}}