{"id":159917,"date":"2017-02-06T19:53:13","date_gmt":"2017-02-06T18:53:13","guid":{"rendered":"http:\/\/www.fuldaer-nachrichten.de\/?p=159917"},"modified":"2017-02-06T19:53:13","modified_gmt":"2017-02-06T18:53:13","slug":"regionalforum-fulda-suedwest-plant-gemeinsamen-gewerbegutschein","status":"publish","type":"post","link":"https:\/\/www.fuldaernachrichten.de\/?p=159917","title":{"rendered":"Regionalforum Fulda S\u00fcdwest plant  gemeinsamen Gewerbegutschein"},"content":{"rendered":"<p>Gewerbegutscheine sind ein Instrument, um den Kunden vor Ort die vorhandenen Angebote darzustellen und eine Kaufkraftbindung zu erzielen. Auch das Regionalforum Fulda S\u00fcdwest m\u00f6chte in Zusammenarbeit mit den Interessenvertretungen und den sieben Mitgliedsgemeinden einen gemeinsamen Gewerbegutschein einf\u00fchren. Dieser soll die St\u00e4rken von Handel und Gewerbe in der Region aufzeigen und zus\u00e4tzliche Kaufanreize getreu dem Motto \u201eWir kaufen regional!\u201c schaffen.<\/p>\n<p>Nach Aussage des Regionalforums bringt eine gemeinsame Vermarktung f\u00fcr alle Beteiligten Vorteile, denn die Hauptkonkurrenz f\u00fcr Betriebe in Fulda S\u00fcdwest seien nicht etwa andere Anbieter aus Bad Salzschlirf, Eichenzell, Flieden, Gro\u00dfenl\u00fcder, Hosenfeld, Kalbach oder Neuhof, sondern vielmehr der immer st\u00e4rker wachsende Online-Handel, gro\u00dfe Handelsketten sowie Anbieter im urbanen Raum und auf der gr\u00fcnen Wiese. Dahinter m\u00fcssten sich die Gewerbetreibenden in der Region Fulda S\u00fcdwest mit ihren Angeboten und der guten Beratung jedoch keinesfalls verstecken.<\/p>\n<p>Der geplante Gutschein soll sich durch eine attraktive Aufmachung auszeichnen und auf diese Weise als interessante Geschenkidee f\u00fcr jeden Anlass dienen. Er wird in den festen Wertstufen 10 und 15 Euro erh\u00e4ltlich sein. Beim Kauf gibt es eine attraktive Geschenkbox gratis dazu. Der Verkauf wird \u00fcber ein fl\u00e4chendeckendes Netz von Verkaufsstellen vorzugsweise in den Banken und Gemeindeverwaltungen sowie \u00fcber den Online-Shop des Regionalforums erfolgen. Partner des S\u00fcdwest-Gutscheins k\u00f6nnen alle Gewerbetreibenden mit Firmensitz in den Mitgliedsgemeinden werden.<\/p>\n<p>Dies gilt f\u00fcr H\u00e4ndler aller Art, Handwerker oder Dienstleister. Um Partnerbetrieb zu werden, muss man kein Mitglied des Regionalforums Fulda S\u00fcdwest sein. Alle Partnerbetriebe zahlen lediglich einen geringen j\u00e4hrlichen Unkostenbeitrag. Informationen zum Gutschein und die Partnervereinbarung k\u00f6nnen unter www.rffs.de\/suedwest-gutschein abgerufen werden. Auch stehen Stefan Hesse und Ilona Heil vom Regionalmanagement, Tel. (0661)25099-08\/ -83, sowie Anke Schlosser vom Landkreis Fulda, Tel. (0661)6006-766, zur Beantwortung von Fragen zur Verf\u00fcgung.<\/p>\n","protected":false},"excerpt":{"rendered":"<div class=\"tmnf_excerpt\"><p>Gewerbegutscheine sind ein Instrument, um den Kunden vor Ort die vorhandenen Angebote darzustellen und eine Kaufkraftbindung zu erzielen. Auch das Regionalforum Fulda S\u00fcdwest m\u00f6chte in Zusammenarbeit mit den Interessenvertretungen und den sieben Mitgliedsgemeinden einen gemeinsamen Gewerbegutschein einf\u00fchren. Dieser soll die St\u00e4rken von Handel und Gewerbe in der Region aufzeigen und zus\u00e4tzliche Kaufanreize getreu dem Motto &hellip;<\/p>\n<\/div>","protected":false},"author":1,"featured_media":159927,"comment_status":"closed","ping_status":"closed","sticky":false,"template":"","format":"standard","meta":{"footnotes":""},"categories":[1],"tags":[],"class_list":["post-159917","post","type-post","status-publish","format-standard","has-post-thumbnail","hentry","category-startseite"],"_links":{"self":[{"href":"https:\/\/www.fuldaernachrichten.de\/index.php?rest_route=\/wp\/v2\/posts\/159917","targetHints":{"allow":["GET"]}}],"collection":[{"href":"https:\/\/www.fuldaernachrichten.de\/index.php?rest_route=\/wp\/v2\/posts"}],"about":[{"href":"https:\/\/www.fuldaernachrichten.de\/index.php?rest_route=\/wp\/v2\/types\/post"}],"author":[{"embeddable":true,"href":"https:\/\/www.fuldaernachrichten.de\/index.php?rest_route=\/wp\/v2\/users\/1"}],"replies":[{"embeddable":true,"href":"https:\/\/www.fuldaernachrichten.de\/index.php?rest_route=%2Fwp%2Fv2%2Fcomments&post=159917"}],"version-history":[{"count":1,"href":"https:\/\/www.fuldaernachrichten.de\/index.php?rest_route=\/wp\/v2\/posts\/159917\/revisions"}],"predecessor-version":[{"id":159928,"href":"https:\/\/www.fuldaernachrichten.de\/index.php?rest_route=\/wp\/v2\/posts\/159917\/revisions\/159928"}],"wp:featuredmedia":[{"embeddable":true,"href":"https:\/\/www.fuldaernachrichten.de\/index.php?rest_route=\/wp\/v2\/media\/159927"}],"wp:attachment":[{"href":"https:\/\/www.fuldaernachrichten.de\/index.php?rest_route=%2Fwp%2Fv2%2Fmedia&parent=159917"}],"wp:term":[{"taxonomy":"category","embeddable":true,"href":"https:\/\/www.fuldaernachrichten.de\/index.php?rest_route=%2Fwp%2Fv2%2Fcategories&post=159917"},{"taxonomy":"post_tag","embeddable":true,"href":"https:\/\/www.fuldaernachrichten.de\/index.php?rest_route=%2Fwp%2Fv2%2Ftags&post=159917"}],"curies":[{"name":"wp","href":"https:\/\/api.w.org\/{rel}","templated":true}]}}