{"id":159916,"date":"2017-02-06T19:52:42","date_gmt":"2017-02-06T18:52:42","guid":{"rendered":"http:\/\/www.fuldaer-nachrichten.de\/?p=159916"},"modified":"2017-02-06T19:52:42","modified_gmt":"2017-02-06T18:52:42","slug":"bildungsbuero-fulda-stellt-sich-mit-auftaktveranstaltung-fachoeffentlichkeit-vor","status":"publish","type":"post","link":"https:\/\/www.fuldaernachrichten.de\/?p=159916","title":{"rendered":"Bildungsb\u00fcro Fulda stellt sich mit Auftaktveranstaltung Fach\u00f6ffentlichkeit vor"},"content":{"rendered":"<p>Die Auftaktveranstaltung des Bildungsb\u00fcros am vergangenen Dienstag im Forum des Kanzlerpalais stellte gro\u00dfe Begriffe zur Diskussion: Bildung, Teilhabe, Demokratie \u2013 den damit einhergehenden Herausforderungen wolle man in der Region Fulda, so die Meinung vieler Anwesender, in Zukunft verst\u00e4rkt gemeinsam begegnen. Einen geeigneten Rahmen f\u00fcr einen solchen institutions\u00fcbergreifenden Dialog stiftet k\u00fcnftig das Bildungsb\u00fcro.<\/p>\n<p>Unter dem Motto \u201eBildung gemeinsam gestalten\u201c er\u00f6ffnete Michael Friedrich, Sprecher des Fachbereichs Bildung, Jugend, Familie und Sport der Kreisverwaltung die Auftaktveranstaltung. Mit einem kurzen Ausblick auf die zentralen Fragestellungen, mit denen sich die Bildungsregion Fulda angesichts der aktuellen Fl\u00fcchtlingssituation, des demographischen Wandels und des Fachkr\u00e4ftemangels konfrontiert sehe, stimmte Friedrich auf den Abend ein.<\/p>\n<p>Das Bildungsb\u00fcro nimmt sich diesen Herausforderungen l\u00f6sungsorientiert an und m\u00f6chte den regionalen Bildungsinstitutionen als beratende St\u00fctze in Fragen des Bildungsmanagements, des Bildungsmonitorings und der Bildungskoordination f\u00fcr Neuzugewanderte zur Seite stehen. \u201eDas Bildungsb\u00fcro versteht sich als Partner, Impulsgeber und Dienstleister zur gemeinsamen Arbeit an Bildungsthemen, die vor Ort als Standortfaktoren und f\u00fcr den gesellschaftlichen Zusammenhalt eine wichtige Rolle spielen\u201c, betont Matthias Feuerstein, kommunaler Bildungsmanager f\u00fcr den Kreisausschuss des Landkreises. Gemeinsam mit den verschiedenen Bildungsinstitutionen m\u00f6chte das Bildungsb\u00fcro als Schnittstelle eine ganzheitliche Bildungslandschaft f\u00fcr die Region Fulda entwickeln, die dem Prozesscharakter und den individuellen Anforderungen an Bildung entspricht. Finanziell wird das Bildungsb\u00fcro dabei von dem 2015 ins Leben gerufenen F\u00f6rderprogramm \u201eBildung integriert\u201c des Bundesministeriums f\u00fcr Bildung und Forschung unterst\u00fctzt. Bundesweit nehmen insgesamt 71 Kommunen an dem Programm teil, in Hessen sind es mit Fulda sieben Kommunen.<\/p>\n<p>H\u00f6hepunkt des Abends bildete ein Fachvortrag von Professorin Martina Ritter, Soziologin und Dekanin des Fachbereichs Sozialwesen an der Hochschule Fulda. Mit einem kurzen Schulterblick auf die Wahl von Donald Trump machte sie auf den Zusammenhang zwischen Bildungsprozessen als Schl\u00fcssel zur Teilhabe an gesellschaftlichen Debatten und damit zur Wahrung einer stabilen, demokratischen Ordnung aufmerksam. Bildung werde damit zum Fundament einer modernen, ausdifferenzierten Gesellschaft. In individuell konzipierten und auf die eigene Lebenssituation angepassten Bildungsprozessen m\u00fcsse jeder B\u00fcrger mit der F\u00e4higkeit ausgestattet werden, seine eigenen Interessen im gesellschaftlichen Kontext artikulieren und reflektieren zu k\u00f6nnen.<\/p>\n<p>Diesem vielschichtig angelegten Verst\u00e4ndnis von Bildung begegnet auch das Bildungsb\u00fcro mit dem Begriff der Bildungslandschaft. \u201eWir m\u00f6chten mit dem Sinnbild der Landschaft alle Bildungsbereiche und Bedarfsgruppen einschlie\u00dfen. Gerade bei der Gruppe der Neuzugewanderten gilt es im Integrationsprozess kulturelle Hintergr\u00fcnde bildungsbiographisch zu ber\u00fccksichtigen\u201c, so Khulud Sharif-Ali, Bildungskoordinatorin im neuen Bildungsb\u00fcro.<\/p>\n<p>Angesichts des bis auf den letzten Platz gef\u00fcllten Kanzlerpalais und des angeregten Austauschs zwischen den Anwesenden zum Ende der Veranstaltung wurde deutlich: Der Bedarf und das Interesse an einer institutionen\u00fcbergreifenden Zusammenarbeit in Bildungsfragen ist in der Region Fulda gegeben. Als Dialogplattform wird das Bildungsb\u00fcro die vielf\u00e4ltigen Ans\u00e4tze und Kompetenzen zuk\u00fcnftig b\u00fcndeln und f\u00fcr alle beteiligten Akteure Transparenz gew\u00e4hrleisten.<\/p>\n","protected":false},"excerpt":{"rendered":"<div class=\"tmnf_excerpt\"><p>Die Auftaktveranstaltung des Bildungsb\u00fcros am vergangenen Dienstag im Forum des Kanzlerpalais stellte gro\u00dfe Begriffe zur Diskussion: Bildung, Teilhabe, Demokratie \u2013 den damit einhergehenden Herausforderungen wolle man in der Region Fulda, so die Meinung vieler Anwesender, in Zukunft verst\u00e4rkt gemeinsam begegnen. Einen geeigneten Rahmen f\u00fcr einen solchen institutions\u00fcbergreifenden Dialog stiftet k\u00fcnftig das Bildungsb\u00fcro. Unter dem Motto &hellip;<\/p>\n<\/div>","protected":false},"author":1,"featured_media":159920,"comment_status":"closed","ping_status":"closed","sticky":false,"template":"","format":"gallery","meta":{"footnotes":""},"categories":[1],"tags":[],"class_list":["post-159916","post","type-post","status-publish","format-gallery","has-post-thumbnail","hentry","category-startseite","post_format-post-format-gallery"],"_links":{"self":[{"href":"https:\/\/www.fuldaernachrichten.de\/index.php?rest_route=\/wp\/v2\/posts\/159916","targetHints":{"allow":["GET"]}}],"collection":[{"href":"https:\/\/www.fuldaernachrichten.de\/index.php?rest_route=\/wp\/v2\/posts"}],"about":[{"href":"https:\/\/www.fuldaernachrichten.de\/index.php?rest_route=\/wp\/v2\/types\/post"}],"author":[{"embeddable":true,"href":"https:\/\/www.fuldaernachrichten.de\/index.php?rest_route=\/wp\/v2\/users\/1"}],"replies":[{"embeddable":true,"href":"https:\/\/www.fuldaernachrichten.de\/index.php?rest_route=%2Fwp%2Fv2%2Fcomments&post=159916"}],"version-history":[{"count":1,"href":"https:\/\/www.fuldaernachrichten.de\/index.php?rest_route=\/wp\/v2\/posts\/159916\/revisions"}],"predecessor-version":[{"id":159926,"href":"https:\/\/www.fuldaernachrichten.de\/index.php?rest_route=\/wp\/v2\/posts\/159916\/revisions\/159926"}],"wp:featuredmedia":[{"embeddable":true,"href":"https:\/\/www.fuldaernachrichten.de\/index.php?rest_route=\/wp\/v2\/media\/159920"}],"wp:attachment":[{"href":"https:\/\/www.fuldaernachrichten.de\/index.php?rest_route=%2Fwp%2Fv2%2Fmedia&parent=159916"}],"wp:term":[{"taxonomy":"category","embeddable":true,"href":"https:\/\/www.fuldaernachrichten.de\/index.php?rest_route=%2Fwp%2Fv2%2Fcategories&post=159916"},{"taxonomy":"post_tag","embeddable":true,"href":"https:\/\/www.fuldaernachrichten.de\/index.php?rest_route=%2Fwp%2Fv2%2Ftags&post=159916"}],"curies":[{"name":"wp","href":"https:\/\/api.w.org\/{rel}","templated":true}]}}