{"id":159894,"date":"2017-02-06T19:46:21","date_gmt":"2017-02-06T18:46:21","guid":{"rendered":"http:\/\/www.fuldaer-nachrichten.de\/?p=159894"},"modified":"2017-02-06T19:46:21","modified_gmt":"2017-02-06T18:46:21","slug":"urkunde-als-nachweis-fuer-gepruefte-lebensqualitaet-im-alter","status":"publish","type":"post","link":"https:\/\/www.fuldaernachrichten.de\/?p=159894","title":{"rendered":"Urkunde als Nachweis f\u00fcr gepr\u00fcfte Lebensqualit\u00e4t im Alter"},"content":{"rendered":"<p>F\u00fcr zwei Jahre bekam jetzt \u2013 nach einer eingehenden Pr\u00fcfung im November 2016 in Hinblick auf Kriterien wie Selbstbestimmung, Teilhabe und Menschenw\u00fcrde \u2013 das Fuldaer Caritas-Altenpflegeheim St. Josef\u00c2\u00a0 ein Zertifikat f\u00fcr Verbraucherfreundlichkeit ausgeh\u00e4ndigt: Stolz pr\u00e4sentierte der aus gew\u00e4hlten Bewohnerinnen und Bewohnern bestehende Einrichtungsbeirat nun Di\u00f6zesan-Caritasdirektor Dr. Markus Juch und Einrichtungsleiter Oliver Trousil die Auszeichnungsurkunde, die der Caritas-Einrichtung hohe Lebensqualit\u00e4t im Alter f\u00fcr seine Bewohner bescheinigt. Die Ausstellung des Zertifikats war aufgrund eingehender Pr\u00fcfungen der Einrichtung und Befragung von Bewohnern durch ehrenamtliche Gutachter der Gesellschaft zur F\u00f6rderung der Lebensqualit\u00e4t im Alter und bei Behinderung \u2013 Heimverzeichnis gGmbH\u00c2\u00a0 erfolgt. Das Fuldaer Altenpflegeheim hatte sich dieser Begutachtung freiwillig unterzogen. Das Zertifikat gilt bis Ende 2018, dann muss erneut eine Begutachtung erfolgen.<\/p>\n<p>Das Foto entstand im Rahmen der Urkundenpr\u00e4sentation und zeigt (v. li.) Marlies Tucher, Caritasdirektor Markus Juch, Anna Wehner, Einrichtungsleiter Oliver Trousil, Wolfgang Enders sowie Gabriele Rosenberg. Ebenfalls zum Einrichtungsbeirat geh\u00f6rt Anneliese Knorn, die beim Fototermin jedoch nicht anwesend war.<\/p>\n","protected":false},"excerpt":{"rendered":"<div class=\"tmnf_excerpt\"><p>F\u00fcr zwei Jahre bekam jetzt \u2013 nach einer eingehenden Pr\u00fcfung im November 2016 in Hinblick auf Kriterien wie Selbstbestimmung, Teilhabe und Menschenw\u00fcrde \u2013 das Fuldaer Caritas-Altenpflegeheim St. Josef\u00c2\u00a0 ein Zertifikat f\u00fcr Verbraucherfreundlichkeit ausgeh\u00e4ndigt: Stolz pr\u00e4sentierte der aus gew\u00e4hlten Bewohnerinnen und Bewohnern bestehende Einrichtungsbeirat nun Di\u00f6zesan-Caritasdirektor Dr. Markus Juch und Einrichtungsleiter Oliver Trousil die Auszeichnungsurkunde, die &hellip;<\/p>\n<\/div>","protected":false},"author":1,"featured_media":159897,"comment_status":"closed","ping_status":"closed","sticky":false,"template":"","format":"standard","meta":{"footnotes":""},"categories":[1],"tags":[],"class_list":["post-159894","post","type-post","status-publish","format-standard","has-post-thumbnail","hentry","category-startseite"],"_links":{"self":[{"href":"https:\/\/www.fuldaernachrichten.de\/index.php?rest_route=\/wp\/v2\/posts\/159894","targetHints":{"allow":["GET"]}}],"collection":[{"href":"https:\/\/www.fuldaernachrichten.de\/index.php?rest_route=\/wp\/v2\/posts"}],"about":[{"href":"https:\/\/www.fuldaernachrichten.de\/index.php?rest_route=\/wp\/v2\/types\/post"}],"author":[{"embeddable":true,"href":"https:\/\/www.fuldaernachrichten.de\/index.php?rest_route=\/wp\/v2\/users\/1"}],"replies":[{"embeddable":true,"href":"https:\/\/www.fuldaernachrichten.de\/index.php?rest_route=%2Fwp%2Fv2%2Fcomments&post=159894"}],"version-history":[{"count":1,"href":"https:\/\/www.fuldaernachrichten.de\/index.php?rest_route=\/wp\/v2\/posts\/159894\/revisions"}],"predecessor-version":[{"id":159898,"href":"https:\/\/www.fuldaernachrichten.de\/index.php?rest_route=\/wp\/v2\/posts\/159894\/revisions\/159898"}],"wp:featuredmedia":[{"embeddable":true,"href":"https:\/\/www.fuldaernachrichten.de\/index.php?rest_route=\/wp\/v2\/media\/159897"}],"wp:attachment":[{"href":"https:\/\/www.fuldaernachrichten.de\/index.php?rest_route=%2Fwp%2Fv2%2Fmedia&parent=159894"}],"wp:term":[{"taxonomy":"category","embeddable":true,"href":"https:\/\/www.fuldaernachrichten.de\/index.php?rest_route=%2Fwp%2Fv2%2Fcategories&post=159894"},{"taxonomy":"post_tag","embeddable":true,"href":"https:\/\/www.fuldaernachrichten.de\/index.php?rest_route=%2Fwp%2Fv2%2Ftags&post=159894"}],"curies":[{"name":"wp","href":"https:\/\/api.w.org\/{rel}","templated":true}]}}