{"id":159888,"date":"2017-02-06T19:45:36","date_gmt":"2017-02-06T18:45:36","guid":{"rendered":"http:\/\/www.fuldaer-nachrichten.de\/?p=159888"},"modified":"2017-02-06T19:45:36","modified_gmt":"2017-02-06T18:45:36","slug":"land-hessen-foerdert-interkommunale-zusammenarbeit-im-landkreis-fulda-mit-100-000-euro","status":"publish","type":"post","link":"https:\/\/www.fuldaernachrichten.de\/?p=159888","title":{"rendered":"Land Hessen f\u00f6rdert Interkommunale Zusammenarbeit im Landkreis Fulda mit 100.000 Euro"},"content":{"rendered":"<p><a href=\"http:\/\/www.fuldaer-nachrichten.de\/wp-content\/uploads\/2017\/02\/054-115_2.jpg\"><img decoding=\"async\" class=\"alignleft size-thumbnail wp-image-159892\" src=\"http:\/\/www.fuldaer-nachrichten.de\/wp-content\/uploads\/2017\/02\/054-115_2-265x176.jpg\" alt=\"\" width=\"265\" height=\"176\" srcset=\"https:\/\/www.fuldaernachrichten.de\/wp-content\/uploads\/2017\/02\/054-115_2-265x176.jpg 265w, https:\/\/www.fuldaernachrichten.de\/wp-content\/uploads\/2017\/02\/054-115_2-768x510.jpg 768w, https:\/\/www.fuldaernachrichten.de\/wp-content\/uploads\/2017\/02\/054-115_2-600x399.jpg 600w, https:\/\/www.fuldaernachrichten.de\/wp-content\/uploads\/2017\/02\/054-115_2.jpg 900w\" sizes=\"(max-width: 265px) 100vw, 265px\" \/><\/a>Seit dem 1. Oktober 2015 ist die Kreisverwaltung des Landkreises Fulda unter der Beh\u00f6rdennummer 115 erreichbar. Die drei Ziffern stehen f\u00fcr einen innovativen B\u00fcrgerservice und eine effiziente Verwaltung.<\/p>\n<p>Unter der 115 k\u00f6nnen die h\u00e4ufigsten B\u00fcrgeranfragen schnell und zuverl\u00e4ssig gekl\u00e4rt werden. Das gilt nicht nur f\u00fcr Fragen, die die Kreisverwaltung betreffen, sondern auch f\u00fcr 21 kreisangeh\u00f6rige St\u00e4dte und Gemeinden, die ihren Telefonservice im Rahmen einer Kooperationsvereinbarung erweitert und auf das 115-Servicecenter beim Landkreis \u00fcbertragen haben.<\/p>\n<p>\u201eDie Mitarbeiterinnen und Mitarbeiter des B\u00fcrgerservice sind speziell geschult und von Montag bis Freitag von 8 bis 18 Uhr erreichbar. Sie k\u00f6nnen beispielsweise inhaltliche Ausk\u00fcnfte erteilen, Termine im Landratsamt vergeben, R\u00fcckrufe bei zust\u00e4ndigen Sachbearbeitern der Kreisverwaltung ansto\u00dfen, Kursbuchungen f\u00fcr die Volkshochschule vornehmen und viele Fragen bereits beim ersten Telefonat abschlie\u00dfend beantworten\u201c, erkl\u00e4rt Marcel Br\u00e4hler vom Fachdienst Personal und Organisation beim Landkreis Fulda.<\/p>\n<p>\u00dcber die 115 sei ein unkomplizierter Zugang zur Verwaltung m\u00f6glich, der insbesondere \u00e4lteren, weniger mobilen B\u00fcrgerinnen und B\u00fcrgern sowie denjenigen, die im l\u00e4ndlichen Raum leben, so manchen Weg zum Amt erspare. Ziel der Beh\u00f6rdennummer 115 sei es, die B\u00fcrgerfreundlichkeit der Verwaltung weiter zu erh\u00f6hen, betont Landrat Bernd Woide.<\/p>\n<p>Die Servicehotline k\u00f6nne mithilfe einer Wissensdatenbank zu den h\u00e4ufigsten Fragen \u00fcber Leistungen von Bund, Land und Kommunen Auskunft geben. \u201eKann eine Anfrage nicht direkt beantwortet werden, erh\u00e4lt der B\u00fcrger einen R\u00fcckruf innerhalb von 24 Stunden, falls die entsprechende Beh\u00f6rde Teilnehmer am 115-Verbund is \u201c, verdeutlicht Br\u00e4hler.<\/p>\n<p>Die fl\u00e4chendeckende Sicherstellung des telefonischen B\u00fcrgerservice unter der Beh\u00f6rdenrufnummer 115 wird durch die hessische Landesregierung gef\u00f6rdert. Werner Koch, Staatssekret\u00e4r des Hessischen Ministeriums des Innern und f\u00fcr Sport, hat k\u00fcrzlich einen F\u00f6rderbescheid in H\u00f6he von 100.000 Euro an Landrat Bernd Woide \u00fcbergeben. Die hessische Landesregierung f\u00f6rdert damit die Interkommunale Zusammenarbeit (IKZ) im Landkreis.<\/p>\n<p>\u201eDie kooperierenden Gemeinden sparen Personal, aber auch Kosten. Mit der F\u00f6rderung tr\u00e4gt das Land seinen Teil dazu bei, den Ausbau der Beh\u00f6rdennummer hessenweit zu unterst\u00fctzen und den B\u00fcrgerinnen und B\u00fcrgern ein m\u00f6glichst vollumfassendes Serviceangebot zu machen. Projekte wie dieses kommen den Menschen vor Ort unmittelbar zugute\u201c, so der Staatssekret\u00e4r.<\/p>\n<p>An der 115 beteiligen sich derzeit \u00fcber 470 Kommunen, zahlreiche Landesbeh\u00f6rden sowie die gesamte Bundesverwaltung mit \u00fcber 88 Beh\u00f6rden und Institutionen. Mit Hilfe des 115-Geb\u00e4rdentelefons k\u00f6nnen auch geh\u00f6rlose und h\u00f6rbehinderte Menschen die einheitliche Beh\u00f6rdennummer nutzen. Die Beh\u00f6rdennummer ist in der Regel zum Festnetztarif erreichbar.<\/p>\n","protected":false},"excerpt":{"rendered":"<div class=\"tmnf_excerpt\"><p>Seit dem 1. Oktober 2015 ist die Kreisverwaltung des Landkreises Fulda unter der Beh\u00f6rdennummer 115 erreichbar. Die drei Ziffern stehen f\u00fcr einen innovativen B\u00fcrgerservice und eine effiziente Verwaltung. Unter der 115 k\u00f6nnen die h\u00e4ufigsten B\u00fcrgeranfragen schnell und zuverl\u00e4ssig gekl\u00e4rt werden. Das gilt nicht nur f\u00fcr Fragen, die die Kreisverwaltung betreffen, sondern auch f\u00fcr 21 kreisangeh\u00f6rige &hellip;<\/p>\n<\/div>","protected":false},"author":1,"featured_media":159891,"comment_status":"closed","ping_status":"closed","sticky":false,"template":"","format":"standard","meta":{"footnotes":""},"categories":[1],"tags":[],"class_list":["post-159888","post","type-post","status-publish","format-standard","has-post-thumbnail","hentry","category-startseite"],"_links":{"self":[{"href":"https:\/\/www.fuldaernachrichten.de\/index.php?rest_route=\/wp\/v2\/posts\/159888","targetHints":{"allow":["GET"]}}],"collection":[{"href":"https:\/\/www.fuldaernachrichten.de\/index.php?rest_route=\/wp\/v2\/posts"}],"about":[{"href":"https:\/\/www.fuldaernachrichten.de\/index.php?rest_route=\/wp\/v2\/types\/post"}],"author":[{"embeddable":true,"href":"https:\/\/www.fuldaernachrichten.de\/index.php?rest_route=\/wp\/v2\/users\/1"}],"replies":[{"embeddable":true,"href":"https:\/\/www.fuldaernachrichten.de\/index.php?rest_route=%2Fwp%2Fv2%2Fcomments&post=159888"}],"version-history":[{"count":1,"href":"https:\/\/www.fuldaernachrichten.de\/index.php?rest_route=\/wp\/v2\/posts\/159888\/revisions"}],"predecessor-version":[{"id":159893,"href":"https:\/\/www.fuldaernachrichten.de\/index.php?rest_route=\/wp\/v2\/posts\/159888\/revisions\/159893"}],"wp:featuredmedia":[{"embeddable":true,"href":"https:\/\/www.fuldaernachrichten.de\/index.php?rest_route=\/wp\/v2\/media\/159891"}],"wp:attachment":[{"href":"https:\/\/www.fuldaernachrichten.de\/index.php?rest_route=%2Fwp%2Fv2%2Fmedia&parent=159888"}],"wp:term":[{"taxonomy":"category","embeddable":true,"href":"https:\/\/www.fuldaernachrichten.de\/index.php?rest_route=%2Fwp%2Fv2%2Fcategories&post=159888"},{"taxonomy":"post_tag","embeddable":true,"href":"https:\/\/www.fuldaernachrichten.de\/index.php?rest_route=%2Fwp%2Fv2%2Ftags&post=159888"}],"curies":[{"name":"wp","href":"https:\/\/api.w.org\/{rel}","templated":true}]}}