{"id":159882,"date":"2017-02-06T19:44:42","date_gmt":"2017-02-06T18:44:42","guid":{"rendered":"http:\/\/www.fuldaer-nachrichten.de\/?p=159882"},"modified":"2017-02-06T19:44:42","modified_gmt":"2017-02-06T18:44:42","slug":"ein-stueck-frankreich-ohne-reisestrapazen","status":"publish","type":"post","link":"https:\/\/www.fuldaernachrichten.de\/?p=159882","title":{"rendered":"Ein St\u00fcck Frankreich ohne Reisestrapazen"},"content":{"rendered":"<p>Ein Franz\u00f6sisch-Kurs der Volkshochschule des Landkreises Fulda gibt Einblicke in die franz\u00f6sische Schrift, Sprache, Kultur und Lebensart. Er ist f\u00fcr Teilnehmer ohne Vorkenntnisse geeignet und beginnt am Dienstag, 7. Februar, um 18.45 Uhr in der Grundschule Eichenzell. Infos und Anmeldung mit Kursnummer VO4080722 unter www.vhs-fulda.de, telefonisch beim B\u00fcrgerservice (0661)6006-1600 sowie am ersten Kursabend.<\/p>\n","protected":false},"excerpt":{"rendered":"<div class=\"tmnf_excerpt\"><p>Ein Franz\u00f6sisch-Kurs der Volkshochschule des Landkreises Fulda gibt Einblicke in die franz\u00f6sische Schrift, Sprache, Kultur und Lebensart. Er ist f\u00fcr Teilnehmer ohne Vorkenntnisse geeignet und beginnt am Dienstag, 7. Februar, um 18.45 Uhr in der Grundschule Eichenzell. Infos und Anmeldung mit Kursnummer VO4080722 unter www.vhs-fulda.de, telefonisch beim B\u00fcrgerservice (0661)6006-1600 sowie am ersten Kursabend.<\/p>\n<\/div>","protected":false},"author":1,"featured_media":0,"comment_status":"closed","ping_status":"closed","sticky":false,"template":"","format":"standard","meta":{"footnotes":""},"categories":[1],"tags":[],"class_list":["post-159882","post","type-post","status-publish","format-standard","hentry","category-startseite"],"_links":{"self":[{"href":"https:\/\/www.fuldaernachrichten.de\/index.php?rest_route=\/wp\/v2\/posts\/159882","targetHints":{"allow":["GET"]}}],"collection":[{"href":"https:\/\/www.fuldaernachrichten.de\/index.php?rest_route=\/wp\/v2\/posts"}],"about":[{"href":"https:\/\/www.fuldaernachrichten.de\/index.php?rest_route=\/wp\/v2\/types\/post"}],"author":[{"embeddable":true,"href":"https:\/\/www.fuldaernachrichten.de\/index.php?rest_route=\/wp\/v2\/users\/1"}],"replies":[{"embeddable":true,"href":"https:\/\/www.fuldaernachrichten.de\/index.php?rest_route=%2Fwp%2Fv2%2Fcomments&post=159882"}],"version-history":[{"count":1,"href":"https:\/\/www.fuldaernachrichten.de\/index.php?rest_route=\/wp\/v2\/posts\/159882\/revisions"}],"predecessor-version":[{"id":159887,"href":"https:\/\/www.fuldaernachrichten.de\/index.php?rest_route=\/wp\/v2\/posts\/159882\/revisions\/159887"}],"wp:attachment":[{"href":"https:\/\/www.fuldaernachrichten.de\/index.php?rest_route=%2Fwp%2Fv2%2Fmedia&parent=159882"}],"wp:term":[{"taxonomy":"category","embeddable":true,"href":"https:\/\/www.fuldaernachrichten.de\/index.php?rest_route=%2Fwp%2Fv2%2Fcategories&post=159882"},{"taxonomy":"post_tag","embeddable":true,"href":"https:\/\/www.fuldaernachrichten.de\/index.php?rest_route=%2Fwp%2Fv2%2Ftags&post=159882"}],"curies":[{"name":"wp","href":"https:\/\/api.w.org\/{rel}","templated":true}]}}