{"id":159873,"date":"2017-02-06T19:42:18","date_gmt":"2017-02-06T18:42:18","guid":{"rendered":"http:\/\/www.fuldaer-nachrichten.de\/?p=159873"},"modified":"2017-02-06T19:42:18","modified_gmt":"2017-02-06T18:42:18","slug":"altbuecherbasar-kuenzell-7","status":"publish","type":"post","link":"https:\/\/www.fuldaernachrichten.de\/?p=159873","title":{"rendered":"Altb\u00fccherbasar K\u00fcnzell"},"content":{"rendered":"<p>Zum Altb\u00fccherbasar mit einem Sondertisch \u201eKochen und Backen\u201c l\u00e4dt die Kinderhilfe Indien am Samstag den 18. Februar ein ins Thomas-Morus-Haus nach K\u00fcnzell. \u00dcber das gewohnte Angebot hinaus gibt es zahlreiche Werke rund um die K\u00fcche: Omas Rezepte und Tipps f\u00fcr die Mikrowelle, leichte K\u00fcche und Gerichte zur Gewichtskontrolle, leckere Bratenb\u00fccher und pfiffige Cocktail-Rezepturen.<\/p>\n<p>Zum Anlesen bietet die Schm\u00f6kerecke wie gewohnt Kaffee und Kuchen. Der Basar ist ge\u00f6ffnet von 14 bis 16 Uhr. Der Erl\u00f6s ist f\u00fcr die Kinderhilfe Indien der Jesuiten-Mission. Fragen beantwortet Marlene Diel unter Telefon 0661 \u2013 35191.<\/p>\n","protected":false},"excerpt":{"rendered":"<div class=\"tmnf_excerpt\"><p>Zum Altb\u00fccherbasar mit einem Sondertisch \u201eKochen und Backen\u201c l\u00e4dt die Kinderhilfe Indien am Samstag den 18. Februar ein ins Thomas-Morus-Haus nach K\u00fcnzell. \u00dcber das gewohnte Angebot hinaus gibt es zahlreiche Werke rund um die K\u00fcche: Omas Rezepte und Tipps f\u00fcr die Mikrowelle, leichte K\u00fcche und Gerichte zur Gewichtskontrolle, leckere Bratenb\u00fccher und pfiffige Cocktail-Rezepturen. Zum Anlesen &hellip;<\/p>\n<\/div>","protected":false},"author":1,"featured_media":0,"comment_status":"closed","ping_status":"closed","sticky":false,"template":"","format":"standard","meta":{"footnotes":""},"categories":[1],"tags":[],"class_list":["post-159873","post","type-post","status-publish","format-standard","hentry","category-startseite"],"_links":{"self":[{"href":"https:\/\/www.fuldaernachrichten.de\/index.php?rest_route=\/wp\/v2\/posts\/159873","targetHints":{"allow":["GET"]}}],"collection":[{"href":"https:\/\/www.fuldaernachrichten.de\/index.php?rest_route=\/wp\/v2\/posts"}],"about":[{"href":"https:\/\/www.fuldaernachrichten.de\/index.php?rest_route=\/wp\/v2\/types\/post"}],"author":[{"embeddable":true,"href":"https:\/\/www.fuldaernachrichten.de\/index.php?rest_route=\/wp\/v2\/users\/1"}],"replies":[{"embeddable":true,"href":"https:\/\/www.fuldaernachrichten.de\/index.php?rest_route=%2Fwp%2Fv2%2Fcomments&post=159873"}],"version-history":[{"count":1,"href":"https:\/\/www.fuldaernachrichten.de\/index.php?rest_route=\/wp\/v2\/posts\/159873\/revisions"}],"predecessor-version":[{"id":159876,"href":"https:\/\/www.fuldaernachrichten.de\/index.php?rest_route=\/wp\/v2\/posts\/159873\/revisions\/159876"}],"wp:attachment":[{"href":"https:\/\/www.fuldaernachrichten.de\/index.php?rest_route=%2Fwp%2Fv2%2Fmedia&parent=159873"}],"wp:term":[{"taxonomy":"category","embeddable":true,"href":"https:\/\/www.fuldaernachrichten.de\/index.php?rest_route=%2Fwp%2Fv2%2Fcategories&post=159873"},{"taxonomy":"post_tag","embeddable":true,"href":"https:\/\/www.fuldaernachrichten.de\/index.php?rest_route=%2Fwp%2Fv2%2Ftags&post=159873"}],"curies":[{"name":"wp","href":"https:\/\/api.w.org\/{rel}","templated":true}]}}