{"id":159840,"date":"2017-02-03T20:32:10","date_gmt":"2017-02-03T19:32:10","guid":{"rendered":"http:\/\/www.fuldaer-nachrichten.de\/?p=159840"},"modified":"2017-02-03T20:32:10","modified_gmt":"2017-02-03T19:32:10","slug":"neugestaltung-ochsenwiese-und-umweltbelastung-in-fulda-im-mittelpunkt-der-gruenen-initiativen","status":"publish","type":"post","link":"https:\/\/www.fuldaernachrichten.de\/?p=159840","title":{"rendered":"Neugestaltung Ochsenwiese und Umweltbelastung in Fulda im Mittelpunkt der Gr\u00fcnen Initiativen."},"content":{"rendered":"<p>Sechs Anfragen und einen Antrag werden die GR\u00dcNEN im Stadtparlament am Montag bei der Stadtverordnetensitzung zum Thema machen.<br \/>\nIm Mittelpunkt der Gr\u00fcnen Initiativen steht der Antrag\u00c2\u00a0 einen Realisierungswettbewerb f\u00fcr die geplante Neugestaltung der Ochsenwiese auszuloben.<\/p>\n<p>Die geplante Sanierung der Niesiger Strasse im Ortsteil Horas bleibt auf der Tagesordnung. Da inzwischen feststeht, dass f\u00fcr die Sanierung ein Planfeststellungsverfahren notwendig ist fragen Die GR\u00dcNEN\u00c2\u00a0 nach, ob und wann der Magistrat ein solches Planfeststellungsverfahren beantragen wird.<\/p>\n<p>Weiterhin fragen die GR\u00dcNEN nach der Smogbelastung in der Innenstadt. Nachdem feststeht, dass auch in Fulda die Grenzwerte f\u00fcr Stickstoffdioxid \u00fcberschritten werden, fragen die GR\u00dcNEN nach den Konsequenzen und Gegenma\u00dfnahmen.<\/p>\n<p>Ebenfalls auf der Agenda stehen die Neuorganisation des Gr\u00fcnfl\u00e4chenamtes und die Auswirkungen auf das \u00f6ffentliche Stadtgr\u00fcn und die Landesgartenschau.<\/p>\n<p>Der Fuldaer Schlachthof im Industriegebiet West wurde 2012 an die Kurhessische Fleischwarenfabrik verkauft. Nachdem diese inzwischen an einen Tierfutterhersteller verkauft wurde, stellt sich die f\u00fcr Metzger und Landwirte die \u00fcberlebenswichtige Frage, wie es mit dem Schlachthof in Zukunft weiter geht.<\/p>\n<p>Weitere Antr\u00e4ge befassen sich mit den Themen: Umbau und geplante zuk\u00fcnftige Nutzung des Hauptpostgeb\u00e4udes und der Parkraumsituation im Umfeld des Landratsamtes.<\/p>\n","protected":false},"excerpt":{"rendered":"<div class=\"tmnf_excerpt\"><p>Sechs Anfragen und einen Antrag werden die GR\u00dcNEN im Stadtparlament am Montag bei der Stadtverordnetensitzung zum Thema machen. Im Mittelpunkt der Gr\u00fcnen Initiativen steht der Antrag\u00c2\u00a0 einen Realisierungswettbewerb f\u00fcr die geplante Neugestaltung der Ochsenwiese auszuloben. Die geplante Sanierung der Niesiger Strasse im Ortsteil Horas bleibt auf der Tagesordnung. Da inzwischen feststeht, dass f\u00fcr die Sanierung &hellip;<\/p>\n<\/div>","protected":false},"author":1,"featured_media":0,"comment_status":"closed","ping_status":"closed","sticky":false,"template":"","format":"standard","meta":{"footnotes":""},"categories":[1],"tags":[],"class_list":["post-159840","post","type-post","status-publish","format-standard","hentry","category-startseite"],"_links":{"self":[{"href":"https:\/\/www.fuldaernachrichten.de\/index.php?rest_route=\/wp\/v2\/posts\/159840","targetHints":{"allow":["GET"]}}],"collection":[{"href":"https:\/\/www.fuldaernachrichten.de\/index.php?rest_route=\/wp\/v2\/posts"}],"about":[{"href":"https:\/\/www.fuldaernachrichten.de\/index.php?rest_route=\/wp\/v2\/types\/post"}],"author":[{"embeddable":true,"href":"https:\/\/www.fuldaernachrichten.de\/index.php?rest_route=\/wp\/v2\/users\/1"}],"replies":[{"embeddable":true,"href":"https:\/\/www.fuldaernachrichten.de\/index.php?rest_route=%2Fwp%2Fv2%2Fcomments&post=159840"}],"version-history":[{"count":1,"href":"https:\/\/www.fuldaernachrichten.de\/index.php?rest_route=\/wp\/v2\/posts\/159840\/revisions"}],"predecessor-version":[{"id":159851,"href":"https:\/\/www.fuldaernachrichten.de\/index.php?rest_route=\/wp\/v2\/posts\/159840\/revisions\/159851"}],"wp:attachment":[{"href":"https:\/\/www.fuldaernachrichten.de\/index.php?rest_route=%2Fwp%2Fv2%2Fmedia&parent=159840"}],"wp:term":[{"taxonomy":"category","embeddable":true,"href":"https:\/\/www.fuldaernachrichten.de\/index.php?rest_route=%2Fwp%2Fv2%2Fcategories&post=159840"},{"taxonomy":"post_tag","embeddable":true,"href":"https:\/\/www.fuldaernachrichten.de\/index.php?rest_route=%2Fwp%2Fv2%2Ftags&post=159840"}],"curies":[{"name":"wp","href":"https:\/\/api.w.org\/{rel}","templated":true}]}}