{"id":159838,"date":"2017-02-03T20:32:27","date_gmt":"2017-02-03T19:32:27","guid":{"rendered":"http:\/\/www.fuldaer-nachrichten.de\/?p=159838"},"modified":"2017-02-03T20:32:27","modified_gmt":"2017-02-03T19:32:27","slug":"kinder-fuer-umweltschutz-sensibilisieren","status":"publish","type":"post","link":"https:\/\/www.fuldaernachrichten.de\/?p=159838","title":{"rendered":"Kinder f\u00fcr Umweltschutz sensibilisieren"},"content":{"rendered":"<p>\u201eWir m\u00f6chten Kinder auf spielerische Art und Weise f\u00fcr die Umwelt und ihren Schutz sensibilisieren. Beim Sauberhaften Kindertag lernen sie eindr\u00fccklich, welchen Einfluss achtlos weggeworfener M\u00fcll auf die Natur hat\u201c, sagte Umweltministerin Priska Hinz heute in Wiesbaden. Sie rief Kommunen und Einrichtungen auf, sich bei der landesweiten Aktion \u201eSauberhafter Kindertag\u201c zu beteiligen. Im Rahmen der hessischen Umweltkampagne \u201eSauberhaftes Hessen\u201c werden an diesem Tag jedes Jahr tausende Kindergartenkinder in ganz Hessen aktiv und sammeln herum liegenden M\u00fcll in der Umgebung ihrer Kindertagesst\u00e4tte oder auf ihrem Spielplatz. \u201eMit dem Aufruf an die Kindertagesst\u00e4tten m\u00f6chten wir erreichen, dass die Themen Abfallvermeidung und Ressourcenschutz durch die Kinder \u00fcber deren Familien in der Mitte der Gesellschaft ankommen\u201c, so die Ministerin.<\/p>\n<p>Der \u201eSauberhafte Kindertag\u201c selbst findet am 30. Mai statt. Ab sofort k\u00f6nnen sich hessische Kommunen und Einrichtungen anmelden. \u201eWir hoffen, dass wir m\u00f6glichst viele Kitas, Kinderg\u00e4rten, Jungen und M\u00e4dchen mobilisieren k\u00f6nnen\u201c, sagte Hinz. In der Kommune, in der sich die meisten Kinder im Verh\u00e4ltnis zur kommunalen Gesamtgr\u00f6\u00dfe an der Sammelaktion beteiligen, wird die Aktion vor Ort von einem Filmteam begleitet. Dar\u00fcber hinaus wird die Aktion wieder von der Ehrenamtskampagne der Hessischen Landesregierung unterst\u00fctzt und unter allen Teilnehmern werden 20 mal 200 Euro verlost.<\/p>\n<p>Au\u00dferdem wird es dank der Unterst\u00fctzung des F\u00f6rdervereins Sauberhaftes Hessen e.V. durch die REWE Region Mitte eine \u201eSauberhafte Rallye\u201c in ausgew\u00e4hlten REWE M\u00e4rkten geben. Hier k\u00f6nnen die Kinder lernen, wie einfach es ist, auch beim t\u00e4glichen Einkauf auf die Umwelt zu achten: Zum Beispiel, indem sie Getr\u00e4nke in Flaschen, die mehrfach genutzt oder recycelt werden k\u00f6nnen, oder Obst lose, also ohne Verpackungen, kaufen.<\/p>\n<p>Anmeldung und Hintergrundinformationen:<br \/>\nWerden Sie als Einrichtung \/ Kommune aktiv und melden Sie sich bis zum 13.04.2017 auf http:\/\/sauberhaftes-hessen.de\/mitmachen\/sauberhafter-kindertag.html f\u00fcr den<br \/>\n\u201eSauberhaften Kindertag 2017\u201c an.<\/p>\n<p>\u201eSauberhaftes Hessen\u201c ist eine Umweltkampagne der Hessischen Landesregierung, die das Bewusstsein und Verantwortungsgef\u00fchl der B\u00fcrgerinnen und B\u00fcrger f\u00fcr Parkanlagen, Wiesen, Stra\u00dfen und andere \u00f6ffentliche R\u00e4ume weckt und st\u00e4rkt. Seit 2002 haben jedes Jahr Tausende von B\u00fcrgerinnen und B\u00fcrgern bei unz\u00e4hligen Sauberkeitsaktionen selbst Hand angelegt und verschmutzte Fl\u00e4chen von Abf\u00e4llen befreit. Neben dem \u201eSauberhaften Kindertag\u201c gibt es noch mehrere andere Aktionstage, die sich auch an Sch\u00fcler und Erwachsene richten. Zu nennen sind unter anderem der \u201eSauberhafte Schulweg\u201c und der \u201eSauberhafte Herbstputz\u201c.<\/p>\n<p>Unter www.sauberhaftes-hessen.de finden Sie weitere Hintergrundinformationen rund um die Kampagne. Oder besuchen Sie \u201eSauberhaftes Hessen\u201c auf Facebook: www.facebook.com\/sauberhafteshessen oder Twitter www.twitter.com\/Sauberhaft<\/p>\n","protected":false},"excerpt":{"rendered":"<div class=\"tmnf_excerpt\"><p>\u201eWir m\u00f6chten Kinder auf spielerische Art und Weise f\u00fcr die Umwelt und ihren Schutz sensibilisieren. Beim Sauberhaften Kindertag lernen sie eindr\u00fccklich, welchen Einfluss achtlos weggeworfener M\u00fcll auf die Natur hat\u201c, sagte Umweltministerin Priska Hinz heute in Wiesbaden. Sie rief Kommunen und Einrichtungen auf, sich bei der landesweiten Aktion \u201eSauberhafter Kindertag\u201c zu beteiligen. Im Rahmen der &hellip;<\/p>\n<\/div>","protected":false},"author":1,"featured_media":0,"comment_status":"closed","ping_status":"closed","sticky":false,"template":"","format":"standard","meta":{"footnotes":""},"categories":[1],"tags":[],"class_list":["post-159838","post","type-post","status-publish","format-standard","hentry","category-startseite"],"_links":{"self":[{"href":"https:\/\/www.fuldaernachrichten.de\/index.php?rest_route=\/wp\/v2\/posts\/159838","targetHints":{"allow":["GET"]}}],"collection":[{"href":"https:\/\/www.fuldaernachrichten.de\/index.php?rest_route=\/wp\/v2\/posts"}],"about":[{"href":"https:\/\/www.fuldaernachrichten.de\/index.php?rest_route=\/wp\/v2\/types\/post"}],"author":[{"embeddable":true,"href":"https:\/\/www.fuldaernachrichten.de\/index.php?rest_route=\/wp\/v2\/users\/1"}],"replies":[{"embeddable":true,"href":"https:\/\/www.fuldaernachrichten.de\/index.php?rest_route=%2Fwp%2Fv2%2Fcomments&post=159838"}],"version-history":[{"count":1,"href":"https:\/\/www.fuldaernachrichten.de\/index.php?rest_route=\/wp\/v2\/posts\/159838\/revisions"}],"predecessor-version":[{"id":159854,"href":"https:\/\/www.fuldaernachrichten.de\/index.php?rest_route=\/wp\/v2\/posts\/159838\/revisions\/159854"}],"wp:attachment":[{"href":"https:\/\/www.fuldaernachrichten.de\/index.php?rest_route=%2Fwp%2Fv2%2Fmedia&parent=159838"}],"wp:term":[{"taxonomy":"category","embeddable":true,"href":"https:\/\/www.fuldaernachrichten.de\/index.php?rest_route=%2Fwp%2Fv2%2Fcategories&post=159838"},{"taxonomy":"post_tag","embeddable":true,"href":"https:\/\/www.fuldaernachrichten.de\/index.php?rest_route=%2Fwp%2Fv2%2Ftags&post=159838"}],"curies":[{"name":"wp","href":"https:\/\/api.w.org\/{rel}","templated":true}]}}