{"id":159820,"date":"2017-02-03T20:27:16","date_gmt":"2017-02-03T19:27:16","guid":{"rendered":"http:\/\/www.fuldaer-nachrichten.de\/?p=159820"},"modified":"2017-02-03T20:27:16","modified_gmt":"2017-02-03T19:27:16","slug":"bauauftraege-fuer-rhoenschule-hauptpost-und-gesundheitsamt-vergeben","status":"publish","type":"post","link":"https:\/\/www.fuldaernachrichten.de\/?p=159820","title":{"rendered":"Bauauftr\u00e4ge f\u00fcr Rh\u00f6nschule, Hauptpost und Gesundheitsamt vergeben"},"content":{"rendered":"<p>Neben der Vergabe von Bauarbeiten in der Rh\u00f6nschule in Gersfeld sowie in der Hauptpost und im Gesundheitsamt in Fulda hat der Kreisausschuss in seiner letzten Sitzung eine Zuweisung aus dem Kreisausgleichsstock an die Gemeinde Bad Salzschlirf beschlossen.<\/p>\n<p>Wegen gestiegener Geburtenzahlen muss die Kindertagesst\u00e4tte St. Michael in Bad Salzschlirf um einen Anbau f\u00fcr zwei zus\u00e4tzliche Gruppen erweitert werden. Die Gesamtkosten belaufen sich auf 570.000 Euro. Zur Finanzierung der U3-Betreuung erh\u00e4lt die Gemeinde aus dem Investitionsprogramm \u201eKinderbetreuungsfinanzierung\u201c F\u00f6rdermittel von 260.000 Euro. Der Landkreis beteiligt sich mit einer pauschalen Zuweisung von 30.000 Euro aus dem Kreisausgleichsstock an den Baukosten.<br \/>\nIm Rahmen der grundlegenden Innensanierung der Rh\u00f6nschule in Gersfeld wurden vom Kreisausschuss die Heizungs-, L\u00fcftungs- und Sanit\u00e4rarbeiten f\u00fcr die neu entstehenden Klassenr\u00e4ume in Ebene 2 vergeben. Das kosteng\u00fcnstigste Angebot belief sich auf 410.000 Euro. Bei der Erweiterung des Gesundheitsamts steht der dritte Bauabschnitt mit der Umgestaltung und Sanierung der B\u00fcror\u00e4ume im Erdgeschoss an. F\u00fcr 57.100 Euro vergab der Kreisausschuss die Elektroarbeiten.<\/p>\n<p>Im ersten Bauabschnitt des Umbaus der Hauptpost f\u00fcr die k\u00fcnftige Nutzung als gemeinsames Verwaltungsgeb\u00e4ude des Landkreises und der Stadt Fulda werden die bestehenden B\u00fcror\u00e4ume im zweiten und dritten Stock saniert, damit dort die Fachdienste Ausl\u00e4nderwesen und Zuwanderung einziehen k\u00f6nnen. Im Dachgeschoss wird die ehemalige Kantine entkernt und zur B\u00fcronutzung vorbereitet. F\u00fcr die Trockenbauarbeiten im zweiten Obergeschoss fallen Kosten von 44.900 Euro an.<\/p>\n","protected":false},"excerpt":{"rendered":"<div class=\"tmnf_excerpt\"><p>Neben der Vergabe von Bauarbeiten in der Rh\u00f6nschule in Gersfeld sowie in der Hauptpost und im Gesundheitsamt in Fulda hat der Kreisausschuss in seiner letzten Sitzung eine Zuweisung aus dem Kreisausgleichsstock an die Gemeinde Bad Salzschlirf beschlossen. Wegen gestiegener Geburtenzahlen muss die Kindertagesst\u00e4tte St. Michael in Bad Salzschlirf um einen Anbau f\u00fcr zwei zus\u00e4tzliche Gruppen &hellip;<\/p>\n<\/div>","protected":false},"author":1,"featured_media":0,"comment_status":"closed","ping_status":"closed","sticky":false,"template":"","format":"standard","meta":{"footnotes":""},"categories":[1],"tags":[],"class_list":["post-159820","post","type-post","status-publish","format-standard","hentry","category-startseite"],"_links":{"self":[{"href":"https:\/\/www.fuldaernachrichten.de\/index.php?rest_route=\/wp\/v2\/posts\/159820","targetHints":{"allow":["GET"]}}],"collection":[{"href":"https:\/\/www.fuldaernachrichten.de\/index.php?rest_route=\/wp\/v2\/posts"}],"about":[{"href":"https:\/\/www.fuldaernachrichten.de\/index.php?rest_route=\/wp\/v2\/types\/post"}],"author":[{"embeddable":true,"href":"https:\/\/www.fuldaernachrichten.de\/index.php?rest_route=\/wp\/v2\/users\/1"}],"replies":[{"embeddable":true,"href":"https:\/\/www.fuldaernachrichten.de\/index.php?rest_route=%2Fwp%2Fv2%2Fcomments&post=159820"}],"version-history":[{"count":1,"href":"https:\/\/www.fuldaernachrichten.de\/index.php?rest_route=\/wp\/v2\/posts\/159820\/revisions"}],"predecessor-version":[{"id":159828,"href":"https:\/\/www.fuldaernachrichten.de\/index.php?rest_route=\/wp\/v2\/posts\/159820\/revisions\/159828"}],"wp:attachment":[{"href":"https:\/\/www.fuldaernachrichten.de\/index.php?rest_route=%2Fwp%2Fv2%2Fmedia&parent=159820"}],"wp:term":[{"taxonomy":"category","embeddable":true,"href":"https:\/\/www.fuldaernachrichten.de\/index.php?rest_route=%2Fwp%2Fv2%2Fcategories&post=159820"},{"taxonomy":"post_tag","embeddable":true,"href":"https:\/\/www.fuldaernachrichten.de\/index.php?rest_route=%2Fwp%2Fv2%2Ftags&post=159820"}],"curies":[{"name":"wp","href":"https:\/\/api.w.org\/{rel}","templated":true}]}}