{"id":159819,"date":"2017-02-03T20:26:41","date_gmt":"2017-02-03T19:26:41","guid":{"rendered":"http:\/\/www.fuldaer-nachrichten.de\/?p=159819"},"modified":"2017-02-03T20:26:41","modified_gmt":"2017-02-03T19:26:41","slug":"sommerferienprogramm-der-kinder-akademie-fulda-anmeldungen-fuer-die-12-spannenden-workshops-ab-sofort-moeglich","status":"publish","type":"post","link":"https:\/\/www.fuldaernachrichten.de\/?p=159819","title":{"rendered":"Sommerferienprogramm der Kinder-Akademie Fulda: Anmeldungen f\u00fcr die 12 spannenden Workshops ab sofort m\u00f6glich"},"content":{"rendered":"<p><strong>Handel &amp; Wandel<\/strong><br \/>\n23. Sommerakademie der Kinder-Akademie Fulda<br \/>\nf\u00fcr Kinder und Jugendliche zwischen 6 und 14 Jahren, unter der Schirmherrschaft von Brigitte Zypries, Bundesministerium f\u00fcr Wirtschaft und Energie<\/p>\n<p>Zeitraum: 3. Juli bis 11. August 2017<\/p>\n<p>Die 23. Sommerakademie der Kinder-Akademie Fulda steht unter dem Motto &#8220;Handel &amp; Wandel&#8221;. Die 12 ganzt\u00e4gigen, einw\u00f6chigen Workshops bieten abwechslungsreiche M\u00f6glichkeiten, sich mit diesem vielf\u00e4ltigen Thema auseinanderzusetzen. Kinder und Jugendliche erfahren in den Workshops, welche Entdeckungen und Erfindungen f\u00fcr unser heutiges funktionierendes Wirtschaftssystem Grundlage waren und sind, und wie sich der Handel im Laufe der Jahrhunderte bis in die Gegenwart gewandelt hat.<\/p>\n<p>Die Workshops werden im Team geleitet. Die &#8220;Botschafter aus der t\u00e4tigen Welt\u201c bieten einmalige Chancen, Einblicke in neue Gebiete und Arbeitsweisen zu bekommen.<\/p>\n<p>N\u00e4here Info zu den Workshops und Anmeldung: Kinder-Akademie Fulda, Telefon 0661.90273-12 oder www.kaf.de<\/p>\n","protected":false},"excerpt":{"rendered":"<div class=\"tmnf_excerpt\"><p>Handel &amp; Wandel 23. Sommerakademie der Kinder-Akademie Fulda f\u00fcr Kinder und Jugendliche zwischen 6 und 14 Jahren, unter der Schirmherrschaft von Brigitte Zypries, Bundesministerium f\u00fcr Wirtschaft und Energie Zeitraum: 3. Juli bis 11. August 2017 Die 23. Sommerakademie der Kinder-Akademie Fulda steht unter dem Motto &#8220;Handel &amp; Wandel&#8221;. Die 12 ganzt\u00e4gigen, einw\u00f6chigen Workshops bieten abwechslungsreiche &hellip;<\/p>\n<\/div>","protected":false},"author":1,"featured_media":0,"comment_status":"closed","ping_status":"closed","sticky":false,"template":"","format":"standard","meta":{"footnotes":""},"categories":[1],"tags":[],"class_list":["post-159819","post","type-post","status-publish","format-standard","hentry","category-startseite"],"_links":{"self":[{"href":"https:\/\/www.fuldaernachrichten.de\/index.php?rest_route=\/wp\/v2\/posts\/159819","targetHints":{"allow":["GET"]}}],"collection":[{"href":"https:\/\/www.fuldaernachrichten.de\/index.php?rest_route=\/wp\/v2\/posts"}],"about":[{"href":"https:\/\/www.fuldaernachrichten.de\/index.php?rest_route=\/wp\/v2\/types\/post"}],"author":[{"embeddable":true,"href":"https:\/\/www.fuldaernachrichten.de\/index.php?rest_route=\/wp\/v2\/users\/1"}],"replies":[{"embeddable":true,"href":"https:\/\/www.fuldaernachrichten.de\/index.php?rest_route=%2Fwp%2Fv2%2Fcomments&post=159819"}],"version-history":[{"count":1,"href":"https:\/\/www.fuldaernachrichten.de\/index.php?rest_route=\/wp\/v2\/posts\/159819\/revisions"}],"predecessor-version":[{"id":159826,"href":"https:\/\/www.fuldaernachrichten.de\/index.php?rest_route=\/wp\/v2\/posts\/159819\/revisions\/159826"}],"wp:attachment":[{"href":"https:\/\/www.fuldaernachrichten.de\/index.php?rest_route=%2Fwp%2Fv2%2Fmedia&parent=159819"}],"wp:term":[{"taxonomy":"category","embeddable":true,"href":"https:\/\/www.fuldaernachrichten.de\/index.php?rest_route=%2Fwp%2Fv2%2Fcategories&post=159819"},{"taxonomy":"post_tag","embeddable":true,"href":"https:\/\/www.fuldaernachrichten.de\/index.php?rest_route=%2Fwp%2Fv2%2Ftags&post=159819"}],"curies":[{"name":"wp","href":"https:\/\/api.w.org\/{rel}","templated":true}]}}