{"id":159817,"date":"2017-02-03T20:26:24","date_gmt":"2017-02-03T19:26:24","guid":{"rendered":"http:\/\/www.fuldaer-nachrichten.de\/?p=159817"},"modified":"2017-02-03T20:26:24","modified_gmt":"2017-02-03T19:26:24","slug":"fuldaer-unternehmen-bei-der-groessten-bildungsmesse-europas-didacta","status":"publish","type":"post","link":"https:\/\/www.fuldaernachrichten.de\/?p=159817","title":{"rendered":"Fuldaer Unternehmen bei der gr\u00f6\u00dften Bildungsmesse Europas \u201edidacta\u201c"},"content":{"rendered":"<p>Vom 14. \u2013 18.02.2017 treffen sich bei der didacta in Stuttgart Entscheidungstr\u00e4ger aus allen Bildungsbereichen, Das in Fulda ans\u00e4ssige Unternehmen Computer-L.A.N. GmbH wird seine seit mehr als 20 Jahren auf dem Markt etablierte Verwaltungssoftware f\u00fcr Seminaranbieter und Bildungseinrichtungen bei der Messe vorstellen.<\/p>\n<p>Seit 1990 betreut L.A.N. bundesweit Unternehmen, Beh\u00f6rden und Bildungseinrichtungen. Die bekanntesten eigenen Produkte des mittelst\u00e4ndischen Unternehmens sind \u201eDer HausManager\u201c und \u201eDer SeminarManager\u201c. In der Region Fulda hat sich die Firma einen Namen mit erfolgreichen Ausbildungsabsolventen, Unterst\u00fctzung von Bildungsprojekten und Networking in der Branche gemacht. Damit regionale kleine und mittelst\u00e4ndische Unternehmen den digitalisierten Fortschritt erfolgreich mitgehen k\u00f6nnen, \u00fcbernimmt L.A.N. auch die Konzeption, Entwicklung und Betreuung von individuellen Softwareprojekten.<\/p>\n<p>F\u00fcr Seminaranbieter und Fortbildungsunternehmen ist der SeminarManager die passende L\u00f6sung. Eigene Bildungsangebote und Gastveranstaltungen lassen sich planen, organisieren und abrechnen. Damit Einrichtungen ihr Kursprogramm auch online ver\u00f6ffentlichen k\u00f6nnen, verf\u00fcgt die Software \u00fcber eine Schnittstelle zum Internet. Mit dem HausManager bew\u00e4ltigen bundesweit Jugendbildungsst\u00e4tten, Gruppenh\u00e4user und Akademien jeden Tag eine Vielzahl an Aufgaben. \u201eDamit ein Haus professionell arbeiten kann, reichen Excel-Listen und ein Belegungsplan auf Papier nicht mehr aus\u201c, sagt Gesch\u00e4ftsf\u00fchrer Michael Haeuser. \u201eDer Konkurrenzdruck erfordert vor allem in der Verwaltung professionelle Werkzeuge.\u201c Inzwischen ist die Software bei 650 Einrichtungen und mehr als 4000 Anwendern in Nutzung.<\/p>\n","protected":false},"excerpt":{"rendered":"<div class=\"tmnf_excerpt\"><p>Vom 14. \u2013 18.02.2017 treffen sich bei der didacta in Stuttgart Entscheidungstr\u00e4ger aus allen Bildungsbereichen, Das in Fulda ans\u00e4ssige Unternehmen Computer-L.A.N. GmbH wird seine seit mehr als 20 Jahren auf dem Markt etablierte Verwaltungssoftware f\u00fcr Seminaranbieter und Bildungseinrichtungen bei der Messe vorstellen. Seit 1990 betreut L.A.N. bundesweit Unternehmen, Beh\u00f6rden und Bildungseinrichtungen. Die bekanntesten eigenen Produkte &hellip;<\/p>\n<\/div>","protected":false},"author":1,"featured_media":159824,"comment_status":"closed","ping_status":"closed","sticky":false,"template":"","format":"standard","meta":{"footnotes":""},"categories":[1],"tags":[],"class_list":["post-159817","post","type-post","status-publish","format-standard","has-post-thumbnail","hentry","category-startseite"],"_links":{"self":[{"href":"https:\/\/www.fuldaernachrichten.de\/index.php?rest_route=\/wp\/v2\/posts\/159817","targetHints":{"allow":["GET"]}}],"collection":[{"href":"https:\/\/www.fuldaernachrichten.de\/index.php?rest_route=\/wp\/v2\/posts"}],"about":[{"href":"https:\/\/www.fuldaernachrichten.de\/index.php?rest_route=\/wp\/v2\/types\/post"}],"author":[{"embeddable":true,"href":"https:\/\/www.fuldaernachrichten.de\/index.php?rest_route=\/wp\/v2\/users\/1"}],"replies":[{"embeddable":true,"href":"https:\/\/www.fuldaernachrichten.de\/index.php?rest_route=%2Fwp%2Fv2%2Fcomments&post=159817"}],"version-history":[{"count":1,"href":"https:\/\/www.fuldaernachrichten.de\/index.php?rest_route=\/wp\/v2\/posts\/159817\/revisions"}],"predecessor-version":[{"id":159825,"href":"https:\/\/www.fuldaernachrichten.de\/index.php?rest_route=\/wp\/v2\/posts\/159817\/revisions\/159825"}],"wp:featuredmedia":[{"embeddable":true,"href":"https:\/\/www.fuldaernachrichten.de\/index.php?rest_route=\/wp\/v2\/media\/159824"}],"wp:attachment":[{"href":"https:\/\/www.fuldaernachrichten.de\/index.php?rest_route=%2Fwp%2Fv2%2Fmedia&parent=159817"}],"wp:term":[{"taxonomy":"category","embeddable":true,"href":"https:\/\/www.fuldaernachrichten.de\/index.php?rest_route=%2Fwp%2Fv2%2Fcategories&post=159817"},{"taxonomy":"post_tag","embeddable":true,"href":"https:\/\/www.fuldaernachrichten.de\/index.php?rest_route=%2Fwp%2Fv2%2Ftags&post=159817"}],"curies":[{"name":"wp","href":"https:\/\/api.w.org\/{rel}","templated":true}]}}