{"id":159809,"date":"2017-02-03T20:24:28","date_gmt":"2017-02-03T19:24:28","guid":{"rendered":"http:\/\/www.fuldaer-nachrichten.de\/?p=159809"},"modified":"2017-02-03T20:24:28","modified_gmt":"2017-02-03T19:24:28","slug":"kindeswohl-vor-elternwuenschen-alle-abschluesse-in-hessen-auf-unterschiedlichen-wegen-erreichbar-beratung-der-grundschulen-ernst-nehmen","status":"publish","type":"post","link":"https:\/\/www.fuldaernachrichten.de\/?p=159809","title":{"rendered":"Kindeswohl vor Elternw\u00fcnschen \u2013 Alle Abschl\u00fcsse in Hessen auf unterschiedlichen Wegen erreichbar \u2013 Beratung der Grundschulen ernst nehmen"},"content":{"rendered":"<p>Am Freitag werden in den hessischen Schulen \u2013 also auch im Fuldaer Land \u2013 die Halbjahreszeugnisse ausgegeben. F\u00fcr die Sch\u00fclerinnen und Sch\u00fcler der 4. Schuljahre sind diese zugleich auch Ausgangspunkt f\u00fcr die Beratungen der Eltern zum weiteren Bildungsgang ihrer Kinder am Ende des laufenden Schuljahres.<\/p>\n<p>Christel M\u00fcller, Regionalverbandsvorsitzende des Verbandes Bildung und Erziehung Hessen, und Schulleiterin einer Grundschule im Fuldaer Land, warnte davor, in eine \u201e\u00dcbertritts-Hysterie\u201c zu verfallen: \u201eDie Eltern wollen f\u00fcr ihr Kind das Beste und weil der K\u00f6nigsweg aus ihrer Sicht h\u00e4ufig der erfolgreiche Besuch eines Gymnasiums ist, wird der Rat der Grundschule nur allzu gern missachtet.\u201c<\/p>\n<p>M\u00fcller, die zugleich stellvertretende Landesvorsitzende des VBE ist, wies darauf hin, dass im Fuldaer Land alle Schulformen vertreten seien, selbst Hauptschulen, Gesamtschulen und F\u00f6rderstufen seien noch im Angebot, sodass es keinen Anlass daf\u00fcr gebe, Sch\u00fclerinnen und Sch\u00fcler zu \u00fcberfordern. Dies gelte besonders f\u00fcr Sp\u00e4tentwickler.<\/p>\n<p>\u201eHessens Schulen sind in keiner Form eine Einbahnstra\u00dfe oder gar eine Sackgasse\u201c, so M\u00fcller, weiter, \u201ealle Abschl\u00fcsse, einschlie\u00dflich des Abiturs, sind bei entsprechender Leistung \u00fcber alle Schulformen erreichbar. Zudem ist \u2013 anders als z.B. in Bayern \u2013 ja der \u00dcbertritt in die Sekundarstufe I letztlich allein von der Elternentscheidung abh\u00e4ngig.\u201c F\u00fcr diese Entscheidung sei ja Zeit bis Anfang M\u00e4rz.<\/p>\n<p>\u201eNehmen Sie die Beratung durch die Grundschule ernst\u201c, riet M\u00fcller den Eltern, \u201edie Grundschullehrkr\u00e4fte kennen ihre Kinder sehr gut. Im Gespr\u00e4ch lassen sich meist St\u00e4rken und Schw\u00e4chen einvernehmlich klarlegen, sodass eine verantwortliche Entscheidung m\u00f6glich ist. Kindeswohl geht vor Familienprestige!\u201c<\/p>\n<p>Eltern f\u00fcrchteten allerdings,\u00c2\u00a0 dass die Gefahr der Arbeitslosigkeit steige, je niedriger der Schulabschluss ist. M\u00fctter und V\u00e4ter sollten trotzdem innehalten und sich vor Augen f\u00fchren, dass heute schon die Zahl der Kinder steige, die wegen einer \u00dcberforderung st\u00e4ndige Nachhilfe br\u00e4uchten und teilweise sogar therapiebed\u00fcrftig seien, warnte M\u00fcller.<\/p>\n<p>Kinder seien das Wertvollste, was Eltern und eine Gesellschaft h\u00e4tten. Der Nachwuchs von heute werde wahrscheinlich bis zum 70. Lebensjahr arbeiten m\u00fcssen.<\/p>\n<p>\u201eWarum also die Hektik schon ganz am Anfang der Schulkarriere?\u201c fragte Christel M\u00fcller. \u201eMein erster Appell an alle Eltern lautet, Lern- und Arbeitsprozesse ihrer Kinder zu entschleunigen, wie es z.B. im Gymnasium beim Trend zum neunj\u00e4hrigen Gymnasium wieder stattfindet.<\/p>\n<p>Eltern sollten sich immer fragen, wo h\u00f6rt meine Unterst\u00fctzung auf und wo f\u00e4ngt sinnloser Druck an.\u201c<\/p>\n","protected":false},"excerpt":{"rendered":"<div class=\"tmnf_excerpt\"><p>Am Freitag werden in den hessischen Schulen \u2013 also auch im Fuldaer Land \u2013 die Halbjahreszeugnisse ausgegeben. F\u00fcr die Sch\u00fclerinnen und Sch\u00fcler der 4. Schuljahre sind diese zugleich auch Ausgangspunkt f\u00fcr die Beratungen der Eltern zum weiteren Bildungsgang ihrer Kinder am Ende des laufenden Schuljahres. Christel M\u00fcller, Regionalverbandsvorsitzende des Verbandes Bildung und Erziehung Hessen, und &hellip;<\/p>\n<\/div>","protected":false},"author":1,"featured_media":0,"comment_status":"closed","ping_status":"closed","sticky":false,"template":"","format":"standard","meta":{"footnotes":""},"categories":[1],"tags":[],"class_list":["post-159809","post","type-post","status-publish","format-standard","hentry","category-startseite"],"_links":{"self":[{"href":"https:\/\/www.fuldaernachrichten.de\/index.php?rest_route=\/wp\/v2\/posts\/159809","targetHints":{"allow":["GET"]}}],"collection":[{"href":"https:\/\/www.fuldaernachrichten.de\/index.php?rest_route=\/wp\/v2\/posts"}],"about":[{"href":"https:\/\/www.fuldaernachrichten.de\/index.php?rest_route=\/wp\/v2\/types\/post"}],"author":[{"embeddable":true,"href":"https:\/\/www.fuldaernachrichten.de\/index.php?rest_route=\/wp\/v2\/users\/1"}],"replies":[{"embeddable":true,"href":"https:\/\/www.fuldaernachrichten.de\/index.php?rest_route=%2Fwp%2Fv2%2Fcomments&post=159809"}],"version-history":[{"count":1,"href":"https:\/\/www.fuldaernachrichten.de\/index.php?rest_route=\/wp\/v2\/posts\/159809\/revisions"}],"predecessor-version":[{"id":159818,"href":"https:\/\/www.fuldaernachrichten.de\/index.php?rest_route=\/wp\/v2\/posts\/159809\/revisions\/159818"}],"wp:attachment":[{"href":"https:\/\/www.fuldaernachrichten.de\/index.php?rest_route=%2Fwp%2Fv2%2Fmedia&parent=159809"}],"wp:term":[{"taxonomy":"category","embeddable":true,"href":"https:\/\/www.fuldaernachrichten.de\/index.php?rest_route=%2Fwp%2Fv2%2Fcategories&post=159809"},{"taxonomy":"post_tag","embeddable":true,"href":"https:\/\/www.fuldaernachrichten.de\/index.php?rest_route=%2Fwp%2Fv2%2Ftags&post=159809"}],"curies":[{"name":"wp","href":"https:\/\/api.w.org\/{rel}","templated":true}]}}