{"id":159804,"date":"2017-02-03T20:23:22","date_gmt":"2017-02-03T19:23:22","guid":{"rendered":"http:\/\/www.fuldaer-nachrichten.de\/?p=159804"},"modified":"2017-02-03T20:23:22","modified_gmt":"2017-02-03T19:23:22","slug":"ab-sofort-servicestelle-sport-des-sportkreises-in-alsfeld","status":"publish","type":"post","link":"https:\/\/www.fuldaernachrichten.de\/?p=159804","title":{"rendered":"Ab sofort \u201eServicestelle Sport\u201c des Sportkreises in Alsfeld"},"content":{"rendered":"<p>In der F\u00e4rbergasse 2 in Alsfeld ist ab sofort auch die \u201eServicestelle Sport\u201c des Sportkreises Vogelsberg zuhause &#8211; im selben Geb\u00e4ude wie die Sportf\u00f6rderung des Vogelsbergkreises. An zwei Vormittagen in der Woche sowie freitags wird Annegret Hamel die neue Ansprechpartnerin f\u00fcr die Anliegen der Vereine sein. \u201eDen Wunsch des Sportkreises nach passenden R\u00e4umlichkeiten gab es schon l\u00e4nger. Durch den Umzug unseres Amtes f\u00fcr Finanzen und Kassenwesen, dem auch die Sportf\u00f6rderung zugeh\u00f6rt, war es sinnvoll, diese Gesch\u00e4ftsstelle hier mit hinein zu nehmen\u201c, erkl\u00e4rt Landrat Manfred G\u00f6rig bei der symbolischen Schl\u00fcssel\u00fcbergabe an den Sportkreisvorsitzenden Werner Eifert.<\/p>\n<p>\u201eDer Anfang ist gemacht, und auch die Sportentwicklungsplanung f\u00fcr den Kreis wird hier angesiedelt sein\u201c, k\u00fcndigt Landrat G\u00f6rig an. F\u00fcr Eifert und seinen Vorstandskollegen G\u00fcnter Stiebig ist es \u201eder richtige Platz f\u00fcr eine Anlaufstelle, f\u00fcr die Vereine gut erreichbar\u201c. Ohnehin seien wegen der Erreichbarkeit nur die Standorte Alsfeld oder Lauterbach infrage gekommen, so Stiebig, und man habe \u201ezum Gl\u00fcck keinen Schnellschuss gemacht, sondern auf die optimale L\u00f6sung gewartet\u201c. Das gro\u00dfe Plus der R\u00e4ume in der F\u00e4rbergasse 2: Bei Fragen zu Antr\u00e4gen von Vereinen ist es nur ein kurzer Weg \u00fcber den Flur zum B\u00fcro der Sportf\u00f6rderung des Vogelsbergkreises, das mit Elisa Amerschl\u00e4ger besetzt ist.<\/p>\n<p>Kontaktdaten und \u00d6ffnungszeiten: Sportkreis Vogelsberg e.V., Servicestelle Sport, Annegret Hamel, F\u00e4rbergasse 2, 36304 Alsfeld, Telefon 06631 7079815, E-Mail service@sportkreis-vogelsberg.de; Sprechzeiten: montags und mittwochs von 9 \u2013 12 Uhr, freitags 14 \u2013 18 Uhr (f\u00fcr Publikumsverkehr).<\/p>\n","protected":false},"excerpt":{"rendered":"<div class=\"tmnf_excerpt\"><p>In der F\u00e4rbergasse 2 in Alsfeld ist ab sofort auch die \u201eServicestelle Sport\u201c des Sportkreises Vogelsberg zuhause &#8211; im selben Geb\u00e4ude wie die Sportf\u00f6rderung des Vogelsbergkreises. An zwei Vormittagen in der Woche sowie freitags wird Annegret Hamel die neue Ansprechpartnerin f\u00fcr die Anliegen der Vereine sein. \u201eDen Wunsch des Sportkreises nach passenden R\u00e4umlichkeiten gab es &hellip;<\/p>\n<\/div>","protected":false},"author":1,"featured_media":159807,"comment_status":"closed","ping_status":"closed","sticky":false,"template":"","format":"standard","meta":{"footnotes":""},"categories":[1],"tags":[],"class_list":["post-159804","post","type-post","status-publish","format-standard","has-post-thumbnail","hentry","category-startseite"],"_links":{"self":[{"href":"https:\/\/www.fuldaernachrichten.de\/index.php?rest_route=\/wp\/v2\/posts\/159804","targetHints":{"allow":["GET"]}}],"collection":[{"href":"https:\/\/www.fuldaernachrichten.de\/index.php?rest_route=\/wp\/v2\/posts"}],"about":[{"href":"https:\/\/www.fuldaernachrichten.de\/index.php?rest_route=\/wp\/v2\/types\/post"}],"author":[{"embeddable":true,"href":"https:\/\/www.fuldaernachrichten.de\/index.php?rest_route=\/wp\/v2\/users\/1"}],"replies":[{"embeddable":true,"href":"https:\/\/www.fuldaernachrichten.de\/index.php?rest_route=%2Fwp%2Fv2%2Fcomments&post=159804"}],"version-history":[{"count":1,"href":"https:\/\/www.fuldaernachrichten.de\/index.php?rest_route=\/wp\/v2\/posts\/159804\/revisions"}],"predecessor-version":[{"id":159812,"href":"https:\/\/www.fuldaernachrichten.de\/index.php?rest_route=\/wp\/v2\/posts\/159804\/revisions\/159812"}],"wp:featuredmedia":[{"embeddable":true,"href":"https:\/\/www.fuldaernachrichten.de\/index.php?rest_route=\/wp\/v2\/media\/159807"}],"wp:attachment":[{"href":"https:\/\/www.fuldaernachrichten.de\/index.php?rest_route=%2Fwp%2Fv2%2Fmedia&parent=159804"}],"wp:term":[{"taxonomy":"category","embeddable":true,"href":"https:\/\/www.fuldaernachrichten.de\/index.php?rest_route=%2Fwp%2Fv2%2Fcategories&post=159804"},{"taxonomy":"post_tag","embeddable":true,"href":"https:\/\/www.fuldaernachrichten.de\/index.php?rest_route=%2Fwp%2Fv2%2Ftags&post=159804"}],"curies":[{"name":"wp","href":"https:\/\/api.w.org\/{rel}","templated":true}]}}