{"id":159797,"date":"2017-02-03T20:21:49","date_gmt":"2017-02-03T19:21:49","guid":{"rendered":"http:\/\/www.fuldaer-nachrichten.de\/?p=159797"},"modified":"2017-02-03T20:21:49","modified_gmt":"2017-02-03T19:21:49","slug":"vom-gesundheitsforum-zur-patientenakademie-klinikum-fulda-aktuelles-thema-leistenbruch-und-co-operieren-wann-und-wie","status":"publish","type":"post","link":"https:\/\/www.fuldaernachrichten.de\/?p=159797","title":{"rendered":"Vom Gesundheitsforum zur \u201ePatientenakademie Klinikum Fulda\u201c  Aktuelles Thema: \u201eLeistenbruch und Co\u201c &#8211; Operieren? Wann und Wie?"},"content":{"rendered":"<p>Die beliebten Gesundheitsforen des\u00c2\u00a0 Klinikums Fuldas, die seit vielen Jahren regelm\u00e4\u00dfig zu aktuellen Themen angeboten wurden, werden ab dem Jahr 2017 als \u201ePatientenakademie\u201c fortgesetzt.<\/p>\n<p>Noch mehr Information noch verst\u00e4ndlicher pr\u00e4sentiert und immer auf dem neusten Stand. Die Serie startet am 07. Februar 2017, von 17.00 bis 19.00 Uhr mit dem Thema \u201eLeistenbruch und Co\u201c &#8211; Operieren? Wann und Wie?<\/p>\n<p>Die Bauchwand schlie\u00dft die Bauchh\u00f6hle im vorderen und seitlichen Bereich ab. An bestimmten Schwachstellen kann die Bauchwand \u201ebrechen\u201c. Wenn Gewebestrukturen oder der Darm in der Bruchpforte abgeklemmt werden, wird es gef\u00e4hrlich. Br\u00fcche sind h\u00e4ufig, nicht immer muss operiert werden. Ursachen, typische Beschwerden und &#8211; wie immer am Klinikum Fulda &#8211; qualit\u00e4tsgesicherte Behandlungsm\u00f6glichkeiten werden gut verst\u00e4ndlich erkl\u00e4rt.<\/p>\n<p>Der Referent\u00c2\u00a0\u00c2\u00a0 \u00c2\u00a0Priv.-Doz. Dr. Achim Hellinger, Direktor der Klinik f\u00fcr Allgemein- und Viszeralchirurgie, Zentrum f\u00fcr Minimal Invasive Chirurgie, gibt einen \u00dcberblick \u00fcber die Themen Leistenbruch, Nabelbruch,\u00c2\u00a0 Zwerchfellbruch und Narbenbruch. Im Anschluss an den Vortrag besteht viel Zeit f\u00fcr Ihre Fragen. Alle Interessierten sind herzlich eingeladen.<\/p>\n","protected":false},"excerpt":{"rendered":"<div class=\"tmnf_excerpt\"><p>Die beliebten Gesundheitsforen des\u00c2\u00a0 Klinikums Fuldas, die seit vielen Jahren regelm\u00e4\u00dfig zu aktuellen Themen angeboten wurden, werden ab dem Jahr 2017 als \u201ePatientenakademie\u201c fortgesetzt. Noch mehr Information noch verst\u00e4ndlicher pr\u00e4sentiert und immer auf dem neusten Stand. Die Serie startet am 07. Februar 2017, von 17.00 bis 19.00 Uhr mit dem Thema \u201eLeistenbruch und Co\u201c &#8211; &hellip;<\/p>\n<\/div>","protected":false},"author":1,"featured_media":0,"comment_status":"closed","ping_status":"closed","sticky":false,"template":"","format":"standard","meta":{"footnotes":""},"categories":[1],"tags":[],"class_list":["post-159797","post","type-post","status-publish","format-standard","hentry","category-startseite"],"_links":{"self":[{"href":"https:\/\/www.fuldaernachrichten.de\/index.php?rest_route=\/wp\/v2\/posts\/159797","targetHints":{"allow":["GET"]}}],"collection":[{"href":"https:\/\/www.fuldaernachrichten.de\/index.php?rest_route=\/wp\/v2\/posts"}],"about":[{"href":"https:\/\/www.fuldaernachrichten.de\/index.php?rest_route=\/wp\/v2\/types\/post"}],"author":[{"embeddable":true,"href":"https:\/\/www.fuldaernachrichten.de\/index.php?rest_route=\/wp\/v2\/users\/1"}],"replies":[{"embeddable":true,"href":"https:\/\/www.fuldaernachrichten.de\/index.php?rest_route=%2Fwp%2Fv2%2Fcomments&post=159797"}],"version-history":[{"count":1,"href":"https:\/\/www.fuldaernachrichten.de\/index.php?rest_route=\/wp\/v2\/posts\/159797\/revisions"}],"predecessor-version":[{"id":159802,"href":"https:\/\/www.fuldaernachrichten.de\/index.php?rest_route=\/wp\/v2\/posts\/159797\/revisions\/159802"}],"wp:attachment":[{"href":"https:\/\/www.fuldaernachrichten.de\/index.php?rest_route=%2Fwp%2Fv2%2Fmedia&parent=159797"}],"wp:term":[{"taxonomy":"category","embeddable":true,"href":"https:\/\/www.fuldaernachrichten.de\/index.php?rest_route=%2Fwp%2Fv2%2Fcategories&post=159797"},{"taxonomy":"post_tag","embeddable":true,"href":"https:\/\/www.fuldaernachrichten.de\/index.php?rest_route=%2Fwp%2Fv2%2Ftags&post=159797"}],"curies":[{"name":"wp","href":"https:\/\/api.w.org\/{rel}","templated":true}]}}