{"id":159791,"date":"2017-02-03T20:20:58","date_gmt":"2017-02-03T19:20:58","guid":{"rendered":"http:\/\/www.fuldaer-nachrichten.de\/?p=159791"},"modified":"2017-02-03T20:29:40","modified_gmt":"2017-02-03T19:29:40","slug":"bosnischer-minister-besucht-rs-%e2%80%a8-wirtschaftliche-zusammenarbeit-foerdern-und-nachhaltig-gestalten","status":"publish","type":"post","link":"https:\/\/www.fuldaernachrichten.de\/?p=159791","title":{"rendered":"Bosnischer Minister besucht R+S \u00e2\u20ac\u00a8- Wirtschaftliche Zusammenarbeit f\u00f6rdern und nachhaltig gestalten"},"content":{"rendered":"<p>Hohen Besuch aus Bosnien und Herzegowina empfing jetzt die R+S-Gruppe: Zlatan Klokic, Minister f\u00fcr wirtschaftliche Beziehungen und regionale Zusammenarbeit im bosnischen Teilstaat Srpska, besuchte mit seinem Berater-Team das Fuldaer Unternehmen in der Zentrale im M\u00fcnsterfeld. \u201eSeit der Er\u00f6ffnung unseres R+S-Standorts in der bosnischen Stadt Banja Luka besteht ein intensiver Austausch\u201c, beschreibt R+S-Gesch\u00e4ftsf\u00fchrer Matthias Predojevic, der f\u00fcr die Rekrutierung ausl\u00e4ndischer Fachkr\u00e4fte verantwortlich ist, den Kontakt. \u201eWir sind in Bosnien und Herzegowina von Beginn an positiv empfangen worden und haben von dem Ministerium in allen Belangen Unterst\u00fctzung erhalten.\u201c<\/p>\n<p>In Banja Luka ist R+S als einziges deutsches Unternehmen mit einem eigenen Weiterbildungszentrum vertreten. Hier werden Facharbeiter aus Bosnien und Herzegowina, die aufgrund der hohen Arbeitslosigkeit vor Ort keine Anstellung finden, vier Monate lang sprachlich und technisch geschult und erhalten hierdurch die M\u00f6glichkeit, sich f\u00fcr den deutschen Arbeitsmarkt zu qualifizieren. Von diesem R+S-Angebot ist auch der bosnische Minister beeindruckt: \u201eDas Engagement rund um das Schulungszentrum und damit hin zur wirtschaftlichen Zusammenarbeit erm\u00f6glicht unseren Fachkr\u00e4ften neue wertvolle Perspektiven.\u201c Das best\u00e4tigen auch die Zahlen des Weiterbildungszentrums: \u201eIm ersten Schulungslauf haben wir mehr als 100 Bewerbungen aus dem ganzen Land auf 20 verf\u00fcgbare Pl\u00e4tze erhalten\u201c, berichtet Matthias Predojevic. \u201eDas zeigt, dass sich unser Aufwand lohnt und das Angebot angenommen wird.\u201c<\/p>\n<p>Laut Klokic entstehen auch f\u00fcr das Land Bosnien und Herzegowina Vorteile durch die aktuelle Kooperation \u2013 \u201ebesonders durch die umfangreichen Schulungen bei R+S, die immer auf dem neuesten Stand der Technik stattfinden\u201c, zeigte sich der Minister beeindruckt vom Engagement der Fuldaer Unternehmensgruppe. \u201eUnser gesamtes Land profitiert nat\u00fcrlich durch das Fachwissen, das die R+S-Gruppe hierher bringt. Ein duales Bildungssystem, wie es in Deutschland \u00fcblich ist, kennen wir hier in dieser Form noch gar nicht.\u201c R+S sei sehr breit aufgestellt, in zahlreichen technischen Bereichen aktiv, und die Integration ausl\u00e4ndischer Kollegen werde vorbildlich gelebt. Dazu stellte Zlatan Klokic insbesondere die gleiche wertsch\u00e4tzende Behandlung aller Fachkr\u00e4fte, unabh\u00e4ngig von ihrer Herkunft, und die gleiche faire Verg\u00fctung heraus. F\u00fcr die Zukunft w\u00fcnscht sich der Minister, \u201edass R+S einmal gro\u00dfe Projekte in Bosnien und Herzegowina \u00fcbernimmt und vielleicht auch eine Produktionsst\u00e4tte vor Ort anstrebt\u201c.<\/p>\n","protected":false},"excerpt":{"rendered":"<div class=\"tmnf_excerpt\"><p>Hohen Besuch aus Bosnien und Herzegowina empfing jetzt die R+S-Gruppe: Zlatan Klokic, Minister f\u00fcr wirtschaftliche Beziehungen und regionale Zusammenarbeit im bosnischen Teilstaat Srpska, besuchte mit seinem Berater-Team das Fuldaer Unternehmen in der Zentrale im M\u00fcnsterfeld. \u201eSeit der Er\u00f6ffnung unseres R+S-Standorts in der bosnischen Stadt Banja Luka besteht ein intensiver Austausch\u201c, beschreibt R+S-Gesch\u00e4ftsf\u00fchrer Matthias Predojevic, der &hellip;<\/p>\n<\/div>","protected":false},"author":1,"featured_media":159794,"comment_status":"closed","ping_status":"closed","sticky":false,"template":"","format":"standard","meta":{"footnotes":""},"categories":[1],"tags":[],"class_list":["post-159791","post","type-post","status-publish","format-standard","has-post-thumbnail","hentry","category-startseite"],"_links":{"self":[{"href":"https:\/\/www.fuldaernachrichten.de\/index.php?rest_route=\/wp\/v2\/posts\/159791","targetHints":{"allow":["GET"]}}],"collection":[{"href":"https:\/\/www.fuldaernachrichten.de\/index.php?rest_route=\/wp\/v2\/posts"}],"about":[{"href":"https:\/\/www.fuldaernachrichten.de\/index.php?rest_route=\/wp\/v2\/types\/post"}],"author":[{"embeddable":true,"href":"https:\/\/www.fuldaernachrichten.de\/index.php?rest_route=\/wp\/v2\/users\/1"}],"replies":[{"embeddable":true,"href":"https:\/\/www.fuldaernachrichten.de\/index.php?rest_route=%2Fwp%2Fv2%2Fcomments&post=159791"}],"version-history":[{"count":2,"href":"https:\/\/www.fuldaernachrichten.de\/index.php?rest_route=\/wp\/v2\/posts\/159791\/revisions"}],"predecessor-version":[{"id":159836,"href":"https:\/\/www.fuldaernachrichten.de\/index.php?rest_route=\/wp\/v2\/posts\/159791\/revisions\/159836"}],"wp:featuredmedia":[{"embeddable":true,"href":"https:\/\/www.fuldaernachrichten.de\/index.php?rest_route=\/wp\/v2\/media\/159794"}],"wp:attachment":[{"href":"https:\/\/www.fuldaernachrichten.de\/index.php?rest_route=%2Fwp%2Fv2%2Fmedia&parent=159791"}],"wp:term":[{"taxonomy":"category","embeddable":true,"href":"https:\/\/www.fuldaernachrichten.de\/index.php?rest_route=%2Fwp%2Fv2%2Fcategories&post=159791"},{"taxonomy":"post_tag","embeddable":true,"href":"https:\/\/www.fuldaernachrichten.de\/index.php?rest_route=%2Fwp%2Fv2%2Ftags&post=159791"}],"curies":[{"name":"wp","href":"https:\/\/api.w.org\/{rel}","templated":true}]}}