{"id":159779,"date":"2017-02-03T20:19:17","date_gmt":"2017-02-03T19:19:17","guid":{"rendered":"http:\/\/www.fuldaer-nachrichten.de\/?p=159779"},"modified":"2017-02-03T20:19:17","modified_gmt":"2017-02-03T19:19:17","slug":"lehrstellenboerse-in-der-arbeitsagentur-mehr-als-600-ausbildungsstellen-zahlreiche-arbeitgeber-im-biz","status":"publish","type":"post","link":"https:\/\/www.fuldaernachrichten.de\/?p=159779","title":{"rendered":"Lehrstellenb\u00f6rse in der Arbeitsagentur &#8211; Mehr als 600 Ausbildungsstellen \/ Zahlreiche Arbeitgeber im BiZ"},"content":{"rendered":"<p>Kurz nach Ausgabe der Zwischenzeugnisse wird es f\u00fcr die Sch\u00fclerinnen und Sch\u00fcler der Abgangsklassen h\u00f6chste Zeit, ihre berufliche Zukunft zu planen. Derzeit sind bei der Arbeitsagentur mehr als 600 freie Ausbildungsstellen gemeldet. Am Donnerstag, den 09. Februar, wird das Berufsinformations- zentrum (BiZ) in der Vitalisstr.1 von 13:00 bis 17:00 Uhr zum B\u00f6rsenplatz umfunktioniert. Zahlreiche Arbeitgeber aus verschiedenen Branchen werden vor Ort sein. Im Angebot: Von A wie Anlagenmechaniker\/in \u00fcber N wie Notfallsanit\u00e4ter\/in bis Z wie Zahnmedizinische\/r Fachangestellte\/r reicht die\u00c2\u00a0\u00c2\u00a0\u00c2\u00a0\u00c2\u00a0\u00c2\u00a0\u00c2\u00a0\u00c2\u00a0 Palette. Bedarf an Nachwuchs besteht im Handwerk wie im kaufm\u00e4nnischen Bereich, in der Gastronomie (K\u00f6che\/K\u00f6chinnen, Restaurantfachleute) wie im Verkauf (Fachverk\u00e4ufer\/innen Lebensmittelhandwerk). Auch ausgefallenere Lehrstellen sind noch zu besetzen. So werden zum Beispiel 25 junge Menschen gesucht, die Bergbautechnologen\/innen werden m\u00f6chten, ebenso ein\/e angehende\/r Polster- und Dekorationsn\u00e4her\/in und drei Wasserbauer\/innen (Bebra). F\u00fcr Gymnasiasten und Fachobersch\u00fcler d\u00fcrften die freien Stellen f\u00fcr ein Duales Studium besonders interessant sein.<\/p>\n<p>Wer bisher in seinem Wunschberuf noch nichts gefunden hat, der sollte sich bei der Lehrstellenb\u00f6rse \u00fcber die Angebote auf dem Markt informieren, sich gegebenenfalls neu orientieren und nach freien Stellen in artverwandten Berufen suchen. F\u00fcr pers\u00f6nliche Beratungen stehen Berufsberaterinnen und Berufsberater sowie Vermittler des Arbeitgeberservices zur Verf\u00fcgung.<\/p>\n<p>Die B\u00f6rse richtet sich auch an Jugendliche, die bisher noch nicht als Bewerber bei der Berufsberatung gemeldet sind. Eine Anmeldung zur B\u00f6rse ist nicht erforderlich. Bewerbungsunterlagen, das letzte Schulzeugnis sowie Nachweise \u00fcber Praktika oder besondere Kenntnisse sollten mitgebracht werden.<\/p>\n","protected":false},"excerpt":{"rendered":"<div class=\"tmnf_excerpt\"><p>Kurz nach Ausgabe der Zwischenzeugnisse wird es f\u00fcr die Sch\u00fclerinnen und Sch\u00fcler der Abgangsklassen h\u00f6chste Zeit, ihre berufliche Zukunft zu planen. Derzeit sind bei der Arbeitsagentur mehr als 600 freie Ausbildungsstellen gemeldet. Am Donnerstag, den 09. Februar, wird das Berufsinformations- zentrum (BiZ) in der Vitalisstr.1 von 13:00 bis 17:00 Uhr zum B\u00f6rsenplatz umfunktioniert. Zahlreiche Arbeitgeber &hellip;<\/p>\n<\/div>","protected":false},"author":1,"featured_media":0,"comment_status":"closed","ping_status":"closed","sticky":false,"template":"","format":"standard","meta":{"footnotes":""},"categories":[1],"tags":[],"class_list":["post-159779","post","type-post","status-publish","format-standard","hentry","category-startseite"],"_links":{"self":[{"href":"https:\/\/www.fuldaernachrichten.de\/index.php?rest_route=\/wp\/v2\/posts\/159779","targetHints":{"allow":["GET"]}}],"collection":[{"href":"https:\/\/www.fuldaernachrichten.de\/index.php?rest_route=\/wp\/v2\/posts"}],"about":[{"href":"https:\/\/www.fuldaernachrichten.de\/index.php?rest_route=\/wp\/v2\/types\/post"}],"author":[{"embeddable":true,"href":"https:\/\/www.fuldaernachrichten.de\/index.php?rest_route=\/wp\/v2\/users\/1"}],"replies":[{"embeddable":true,"href":"https:\/\/www.fuldaernachrichten.de\/index.php?rest_route=%2Fwp%2Fv2%2Fcomments&post=159779"}],"version-history":[{"count":1,"href":"https:\/\/www.fuldaernachrichten.de\/index.php?rest_route=\/wp\/v2\/posts\/159779\/revisions"}],"predecessor-version":[{"id":159788,"href":"https:\/\/www.fuldaernachrichten.de\/index.php?rest_route=\/wp\/v2\/posts\/159779\/revisions\/159788"}],"wp:attachment":[{"href":"https:\/\/www.fuldaernachrichten.de\/index.php?rest_route=%2Fwp%2Fv2%2Fmedia&parent=159779"}],"wp:term":[{"taxonomy":"category","embeddable":true,"href":"https:\/\/www.fuldaernachrichten.de\/index.php?rest_route=%2Fwp%2Fv2%2Fcategories&post=159779"},{"taxonomy":"post_tag","embeddable":true,"href":"https:\/\/www.fuldaernachrichten.de\/index.php?rest_route=%2Fwp%2Fv2%2Ftags&post=159779"}],"curies":[{"name":"wp","href":"https:\/\/api.w.org\/{rel}","templated":true}]}}