{"id":159773,"date":"2017-02-01T23:28:21","date_gmt":"2017-02-01T22:28:21","guid":{"rendered":"http:\/\/www.fuldaer-nachrichten.de\/?p=159773"},"modified":"2017-02-01T23:28:21","modified_gmt":"2017-02-01T22:28:21","slug":"stuehleruecken-im-fuldaer-stadtparlament","status":"publish","type":"post","link":"https:\/\/www.fuldaernachrichten.de\/?p=159773","title":{"rendered":"St\u00fchler\u00fccken im Fuldaer Stadtparlament"},"content":{"rendered":"<p>Die Stadtfraktion Die Linke.Offene Liste \/ Menschen f\u00fcr Fulda informiert \u00fcber einen Wechsel: Barbara Gr\u00fcn legt ihr Stadtverordnetenmandat nieder. Aus pers\u00f6nlichen Gr\u00fcnden kann sie ihr Mandat leider nicht weiter wahrnehmen: &#8220;Ich bedauere sehr, dass ich nicht in vorgesehenem Ma\u00dfe die Arbeit im Stadtparlament mitgestalten kann. Im Rahmen des mir zeitlich und kr\u00e4ftem\u00e4\u00dfig M\u00f6glichen unterst\u00fctze ich die Fraktion jedoch gern weiterhin.&#8221; Ihre KollegInnen bedauern den R\u00fccktritt sehr, haben aber &#8220;gro\u00dfen Respekt f\u00fcr die Position, ein Mandat &#8216;entweder ganz oder gar nicht&#8217; auszuf\u00fcllen. Wir danken Barbara sehr f\u00fcr ihre bisherige Arbeit mit uns und freuen uns auf die Aussicht, auch in Zukunft auf ihre F\u00e4higkeiten zur\u00fcckgreifen zu k\u00f6nnen.&#8221;<\/p>\n<p>Nachr\u00fccken wird Stefan Jahn. Er ist 62 Jahre und ein echter Fuldaer Jung. Der Metallfacharbeiter ist aktiver Gewerkschaftler, seit 1986 im Betriebsrat und bereits viele Jahre Betriebsratsvorsitzender eines Fuldaer Unternehmens: &#8220;Ich freue mich auf die neue Herausforderung. Meine vielf\u00e4ltigen Erfahrungen in Betrieb und Gewerkschaft sind sicher eine gute Basis f\u00fcr meine politische Arbeit. Auch mein Engagement f\u00fcr die Interessen schwerbehinderter Berufst\u00e4tiger m\u00f6chte ich gern weiterverfolgen und in meine neuen Aufgaben einbringen.&#8221; Seine neuen FraktionskollegInnen hei\u00dfen ihn willkommen und denken, dass Stefan Jahn seine Kompetenzen und Erfahrungen in die verschiedenen Gremien einbringen wird. \u201cWir freuen uns auf eine gute Zusammenarbeit.\u00e2\u20ac\u009d<\/p>\n","protected":false},"excerpt":{"rendered":"<div class=\"tmnf_excerpt\"><p>Die Stadtfraktion Die Linke.Offene Liste \/ Menschen f\u00fcr Fulda informiert \u00fcber einen Wechsel: Barbara Gr\u00fcn legt ihr Stadtverordnetenmandat nieder. Aus pers\u00f6nlichen Gr\u00fcnden kann sie ihr Mandat leider nicht weiter wahrnehmen: &#8220;Ich bedauere sehr, dass ich nicht in vorgesehenem Ma\u00dfe die Arbeit im Stadtparlament mitgestalten kann. Im Rahmen des mir zeitlich und kr\u00e4ftem\u00e4\u00dfig M\u00f6glichen unterst\u00fctze ich &hellip;<\/p>\n<\/div>","protected":false},"author":1,"featured_media":0,"comment_status":"closed","ping_status":"closed","sticky":false,"template":"","format":"standard","meta":{"footnotes":""},"categories":[1],"tags":[],"class_list":["post-159773","post","type-post","status-publish","format-standard","hentry","category-startseite"],"_links":{"self":[{"href":"https:\/\/www.fuldaernachrichten.de\/index.php?rest_route=\/wp\/v2\/posts\/159773","targetHints":{"allow":["GET"]}}],"collection":[{"href":"https:\/\/www.fuldaernachrichten.de\/index.php?rest_route=\/wp\/v2\/posts"}],"about":[{"href":"https:\/\/www.fuldaernachrichten.de\/index.php?rest_route=\/wp\/v2\/types\/post"}],"author":[{"embeddable":true,"href":"https:\/\/www.fuldaernachrichten.de\/index.php?rest_route=\/wp\/v2\/users\/1"}],"replies":[{"embeddable":true,"href":"https:\/\/www.fuldaernachrichten.de\/index.php?rest_route=%2Fwp%2Fv2%2Fcomments&post=159773"}],"version-history":[{"count":1,"href":"https:\/\/www.fuldaernachrichten.de\/index.php?rest_route=\/wp\/v2\/posts\/159773\/revisions"}],"predecessor-version":[{"id":159776,"href":"https:\/\/www.fuldaernachrichten.de\/index.php?rest_route=\/wp\/v2\/posts\/159773\/revisions\/159776"}],"wp:attachment":[{"href":"https:\/\/www.fuldaernachrichten.de\/index.php?rest_route=%2Fwp%2Fv2%2Fmedia&parent=159773"}],"wp:term":[{"taxonomy":"category","embeddable":true,"href":"https:\/\/www.fuldaernachrichten.de\/index.php?rest_route=%2Fwp%2Fv2%2Fcategories&post=159773"},{"taxonomy":"post_tag","embeddable":true,"href":"https:\/\/www.fuldaernachrichten.de\/index.php?rest_route=%2Fwp%2Fv2%2Ftags&post=159773"}],"curies":[{"name":"wp","href":"https:\/\/api.w.org\/{rel}","templated":true}]}}