{"id":159771,"date":"2017-02-01T23:28:08","date_gmt":"2017-02-01T22:28:08","guid":{"rendered":"http:\/\/www.fuldaer-nachrichten.de\/?p=159771"},"modified":"2017-02-01T23:28:08","modified_gmt":"2017-02-01T22:28:08","slug":"pfarrerin-anke-moelleken-erste-feste-pfarrstelle","status":"publish","type":"post","link":"https:\/\/www.fuldaernachrichten.de\/?p=159771","title":{"rendered":"Pfarrerin ANKE M\u00d6LLEKEN &#8211; Erste feste Pfarrstelle"},"content":{"rendered":"<p>Pfarrerin Anke M\u00f6lleken wechselt zum 19.2.2017 im Kirchenkreis Fulda von Neuhof in die Pfarrstelle der Lutherkirche in Fulda. Die 33-j\u00e4hrige Pfarrerin wurde am 1. November 2015 ordiniert und hatte seit dem eine 16-monatige Elternzeitvertretung in der Gemeinde Flieden-Neuhof inne. \u201eIch freue mich auf meine erste feste Stelle und besonders auf die verschiedenen Personen und Projekte, die die Lutherkirche beheimatet\u201c, sagt M\u00f6lleken. Die Verabschiedung war bereits in Neuhof und wird am 5.2. in Flieden (8.45 Uhr) und Rommerz (11.15 Uhr) sein, wie die Pressestelle des Kirchenkreises Fulda berichtet.<\/p>\n<p>Der stellvertretende Dekan, Pfarrer Wolfgang Echtermeyer, wird Anke M\u00f6lleken am 19.2. um 11.15 Uhr im Gottesdienst der Lutherkirche der Gemeinde nach gut einem halben Jahr Vakanzzeit vorstellen. Im Anschluss sind alle zum Empfang eingeladen.<\/p>\n","protected":false},"excerpt":{"rendered":"<div class=\"tmnf_excerpt\"><p>Pfarrerin Anke M\u00f6lleken wechselt zum 19.2.2017 im Kirchenkreis Fulda von Neuhof in die Pfarrstelle der Lutherkirche in Fulda. Die 33-j\u00e4hrige Pfarrerin wurde am 1. November 2015 ordiniert und hatte seit dem eine 16-monatige Elternzeitvertretung in der Gemeinde Flieden-Neuhof inne. \u201eIch freue mich auf meine erste feste Stelle und besonders auf die verschiedenen Personen und Projekte, &hellip;<\/p>\n<\/div>","protected":false},"author":1,"featured_media":159774,"comment_status":"closed","ping_status":"closed","sticky":false,"template":"","format":"standard","meta":{"footnotes":""},"categories":[1],"tags":[],"class_list":["post-159771","post","type-post","status-publish","format-standard","has-post-thumbnail","hentry","category-startseite"],"_links":{"self":[{"href":"https:\/\/www.fuldaernachrichten.de\/index.php?rest_route=\/wp\/v2\/posts\/159771","targetHints":{"allow":["GET"]}}],"collection":[{"href":"https:\/\/www.fuldaernachrichten.de\/index.php?rest_route=\/wp\/v2\/posts"}],"about":[{"href":"https:\/\/www.fuldaernachrichten.de\/index.php?rest_route=\/wp\/v2\/types\/post"}],"author":[{"embeddable":true,"href":"https:\/\/www.fuldaernachrichten.de\/index.php?rest_route=\/wp\/v2\/users\/1"}],"replies":[{"embeddable":true,"href":"https:\/\/www.fuldaernachrichten.de\/index.php?rest_route=%2Fwp%2Fv2%2Fcomments&post=159771"}],"version-history":[{"count":1,"href":"https:\/\/www.fuldaernachrichten.de\/index.php?rest_route=\/wp\/v2\/posts\/159771\/revisions"}],"predecessor-version":[{"id":159775,"href":"https:\/\/www.fuldaernachrichten.de\/index.php?rest_route=\/wp\/v2\/posts\/159771\/revisions\/159775"}],"wp:featuredmedia":[{"embeddable":true,"href":"https:\/\/www.fuldaernachrichten.de\/index.php?rest_route=\/wp\/v2\/media\/159774"}],"wp:attachment":[{"href":"https:\/\/www.fuldaernachrichten.de\/index.php?rest_route=%2Fwp%2Fv2%2Fmedia&parent=159771"}],"wp:term":[{"taxonomy":"category","embeddable":true,"href":"https:\/\/www.fuldaernachrichten.de\/index.php?rest_route=%2Fwp%2Fv2%2Fcategories&post=159771"},{"taxonomy":"post_tag","embeddable":true,"href":"https:\/\/www.fuldaernachrichten.de\/index.php?rest_route=%2Fwp%2Fv2%2Ftags&post=159771"}],"curies":[{"name":"wp","href":"https:\/\/api.w.org\/{rel}","templated":true}]}}