{"id":159766,"date":"2017-02-01T23:27:17","date_gmt":"2017-02-01T22:27:17","guid":{"rendered":"http:\/\/www.fuldaer-nachrichten.de\/?p=159766"},"modified":"2017-02-01T23:27:17","modified_gmt":"2017-02-01T22:27:17","slug":"soziale-wohnraumfoerderung","status":"publish","type":"post","link":"https:\/\/www.fuldaernachrichten.de\/?p=159766","title":{"rendered":"Soziale Wohnraumf\u00f6rderung"},"content":{"rendered":"<p>Das Land Hessen wird in den kommenden Jahren gemeinsam mit der Wirtschafts- und Infrastrukturbank verst\u00e4rkt Mittel f\u00fcr die Soziale Wohnraumf\u00f6rderung zur Verf\u00fcgung stellen.<\/p>\n<p>So stehen in 2017 Darlehen zur F\u00f6rderung des Mietwohnungsbaus, der Modernisierung von Mietwohnungen, f\u00fcr Studentisches Wohnen und im Programmteil Wohnraum des Kommunalinvestitionsprogramms bereit. Zus\u00e4tzlich zu den Darlehen werden Finanzierungszusch\u00fcsse gew\u00e4hrt. Diese betragen im Mietwohnungsbau und f\u00fcr Studentisches Wohnen 10 Prozent der Darlehenssumme, bei der Modernisierung 5 Prozent. Sie werden nur im Zusammenhang mit einem Darlehen gew\u00e4hrt. Anmeldungen f\u00fcr die jeweiligen Programme nimmt bis zum 20. M\u00e4rz in der Zust\u00e4ndigkeit des Landkreises Fulda der Fachdienst Bauen und Wohnen, Telefon (0661)6006-322, Herr M\u00f6ller, entgegen.<\/p>\n","protected":false},"excerpt":{"rendered":"<div class=\"tmnf_excerpt\"><p>Das Land Hessen wird in den kommenden Jahren gemeinsam mit der Wirtschafts- und Infrastrukturbank verst\u00e4rkt Mittel f\u00fcr die Soziale Wohnraumf\u00f6rderung zur Verf\u00fcgung stellen. So stehen in 2017 Darlehen zur F\u00f6rderung des Mietwohnungsbaus, der Modernisierung von Mietwohnungen, f\u00fcr Studentisches Wohnen und im Programmteil Wohnraum des Kommunalinvestitionsprogramms bereit. Zus\u00e4tzlich zu den Darlehen werden Finanzierungszusch\u00fcsse gew\u00e4hrt. Diese betragen &hellip;<\/p>\n<\/div>","protected":false},"author":1,"featured_media":0,"comment_status":"closed","ping_status":"closed","sticky":false,"template":"","format":"standard","meta":{"footnotes":""},"categories":[1],"tags":[],"class_list":["post-159766","post","type-post","status-publish","format-standard","hentry","category-startseite"],"_links":{"self":[{"href":"https:\/\/www.fuldaernachrichten.de\/index.php?rest_route=\/wp\/v2\/posts\/159766","targetHints":{"allow":["GET"]}}],"collection":[{"href":"https:\/\/www.fuldaernachrichten.de\/index.php?rest_route=\/wp\/v2\/posts"}],"about":[{"href":"https:\/\/www.fuldaernachrichten.de\/index.php?rest_route=\/wp\/v2\/types\/post"}],"author":[{"embeddable":true,"href":"https:\/\/www.fuldaernachrichten.de\/index.php?rest_route=\/wp\/v2\/users\/1"}],"replies":[{"embeddable":true,"href":"https:\/\/www.fuldaernachrichten.de\/index.php?rest_route=%2Fwp%2Fv2%2Fcomments&post=159766"}],"version-history":[{"count":1,"href":"https:\/\/www.fuldaernachrichten.de\/index.php?rest_route=\/wp\/v2\/posts\/159766\/revisions"}],"predecessor-version":[{"id":159770,"href":"https:\/\/www.fuldaernachrichten.de\/index.php?rest_route=\/wp\/v2\/posts\/159766\/revisions\/159770"}],"wp:attachment":[{"href":"https:\/\/www.fuldaernachrichten.de\/index.php?rest_route=%2Fwp%2Fv2%2Fmedia&parent=159766"}],"wp:term":[{"taxonomy":"category","embeddable":true,"href":"https:\/\/www.fuldaernachrichten.de\/index.php?rest_route=%2Fwp%2Fv2%2Fcategories&post=159766"},{"taxonomy":"post_tag","embeddable":true,"href":"https:\/\/www.fuldaernachrichten.de\/index.php?rest_route=%2Fwp%2Fv2%2Ftags&post=159766"}],"curies":[{"name":"wp","href":"https:\/\/api.w.org\/{rel}","templated":true}]}}