{"id":159761,"date":"2017-02-01T23:26:18","date_gmt":"2017-02-01T22:26:18","guid":{"rendered":"http:\/\/www.fuldaer-nachrichten.de\/?p=159761"},"modified":"2017-02-01T23:26:18","modified_gmt":"2017-02-01T22:26:18","slug":"100-jahre-jung-offizieller-auftakt-zum-jubilaeum-der-caritas-im-bistum-fulda","status":"publish","type":"post","link":"https:\/\/www.fuldaernachrichten.de\/?p=159761","title":{"rendered":"100 Jahre jung \u2013 offizieller Auftakt zum Jubil\u00e4um der Caritas im Bistum Fulda"},"content":{"rendered":"<p><a href=\"http:\/\/www.fuldaer-nachrichten.de\/wp-content\/uploads\/2017\/02\/zu-06-cs_Gr\u00fcttner_Gru\u00dfwort_Festsaal_IMG_3375.jpg\"><img decoding=\"async\" class=\"alignleft size-thumbnail wp-image-159764\" src=\"http:\/\/www.fuldaer-nachrichten.de\/wp-content\/uploads\/2017\/02\/zu-06-cs_Gr\u00fcttner_Gru\u00dfwort_Festsaal_IMG_3375-265x177.jpg\" alt=\"\" width=\"265\" height=\"177\" \/><\/a>Der Caritasverband f\u00fcr die Di\u00f6zese Fulda hatte eingeladen, und zahlreiche Menschen aus nah und fern, Vertreter aus dem Bistum, von der deutschlandweiten Caritas und anderer Wohlfahrtsverb\u00e4nde, G\u00e4ste aus Politik und Wirtschaft, viele Freunde, Unterst\u00fctzer und G\u00f6nner der Caritas, nat\u00fcrlich auch unz\u00e4hlige Mitarbeiter und Ehrenamtliche, aber auch Menschen, die in den Caritas-Einrichtungen betreut werden und Unterst\u00fctzung finden. Insgesamt weit \u00fcber 500 G\u00e4ste konnten die drei Caritas-Vorstandsmitglieder Di\u00f6zesan-Caritasdirektor Dr. Markus Juch, Malte Crome und Ansgar Erb im Stadtschloss zu Fulda begr\u00fc\u00dfen, nachdem zuvor der Fuldaer Bischof Heinz Josef Algermissen zu einem Festgottesdienst im Dom eingeladen hatte. Mit-Zelebranten waren u. a. Weihbischof Karlheinz Diez und Caritas-Pr\u00e4sident Dr. Peter Neher.<\/p>\n<p>In seiner Predigt dankte Bischof Algermissen ausdr\u00fccklich allen Haupt- und Ehrenamtlichen der Caritas f\u00fcr ihren Dienst am N\u00e4chsten. Er unterstrich, dass in der heutigen s\u00e4kularisierten Gesellschaft die Menschen der Caritas oft die entscheidende Verbindung der Kirche und ihrer Gemeinden zu den Menschen \u201edrau\u00dfen\u201c seien und der Kirche somit ein Gesicht g\u00e4ben, \u201edas menschlicher ist als jede Institution\u201c.\u00c2\u00a0 Im Rahmen des Festgottesdienstes wurde auch feierlich ein Caritas-Banner gesegnet, das zuk\u00fcnftig bei hohen Festtagen seinen Einsatz haben soll.<br \/>\nDie weiteste Anreise der G\u00e4ste dann im F\u00fcrstensaal des Stadtschlosses hatte wohl eine kleine Delegation des Fuldaer Caritas-Schwesterverbandes Iwano-Frankiwsk hinter sich, deren Anreise aus der Ukraine 1.500 Kilometer betrug. Diese G\u00e4ste wurden \u2013 wie andere besondere G\u00e4ste auch \u2013 namentlich willkommen gehei\u00dfen. Sodann stellten die Caritas-Vorstandsmitglieder die Arbeitsfelder der Caritas und deren Vertreter sowie auch betreute Personen vor. Eine Gruppe Jugendlicher aus der Kinder- und Jugendhilfe Haus Carl Sonnenschein in Fritzlar, die teilweise als minderj\u00e4hrige Fl\u00fcchtlinge nach Deutschland gekommen waren, lie\u00dfen es sich nicht nehmen, ein eigenes Gru\u00dfwort an die Festgemeinde zu richten und zu betonen, dass ihnen die Jugendhilfeeinrichtung der Caritas eine echte Heimat und Geborgenheit geboten habe.<\/p>\n<p>Gru\u00dfworte kamen von Sozialminister Stefan Gr\u00fcttner aus Wiesbaden sowie dem Hausherren des Schlosses, Oberb\u00fcrgermeister Dr. Heiko Wingenfeld und dem Landrat des Landkreises Fulda, Bernd Woide. Sozialminister Gr\u00fcttner betonte bei seiner Ansprache, er sehe\u00c2\u00a0 in der Caritas einen wesentlichen Pfeiler und wichtigen Akteur sozialer Dienstleistungen in Hessen. \u201eAls Organisation, die kirchliche Werte vertritt und vermittelt, kommt der Caritas eine besondere Bedeutung zu. Sie ist gelebte Verantwortung und praktizierte N\u00e4chstenliebe\u201c, erkl\u00e4rte der hessische Regierungsvertreter. Heiko Wingenfeld unterstrich, dass der F\u00fcrstensaal des Schlosses genau der richtige festliche Ort sei, um den Geburtstag der Caritas zu feiern: Auch wenn die bereits fast 70 Jahre anhaltende Epoche der Bundesrepublik Deutschland gepr\u00e4gt sei von einer solidarischen Gemeinschaft und Rechtsanspr\u00fcchen auf Hilfe f\u00fcr die Schwachen der Gesellschaft, sei die Caritas leider auch heute unverzichtbar, denn Menschen in Notlagen und mit Hilfebedarf werde es immer geben. Wingenfeld dankte im Namen der Stadt f\u00fcr die gute Kooperation der Caritas, die sich mit Mut jeder aktuellen Herausforderung der Zeit zum Wohle der Menschen in der Region stelle. Bernd Woide betonte, dass Hilfe eben mehr sei als nur Geld, um Not zu lindern. Hilfe bedeute auch Zuwendung und Begleitung, und genau da setze die Caritas-Arbeit an.<\/p>\n<p>Einen geschichtlichen R\u00fcckblick auf die 100-j\u00e4hrige Entwicklung der Caritas zwischen Kassel und Hanau, Marburg und Geisa lieferte der Caritas-Aufsichtsratsvorsitzende Msgr. Elmar Gurk, der auf die besondere Situation der Zivilbev\u00f6lkerung im Kriegswinter 1016\/17 bei der Caritas-Gr\u00fcndung und auch auf die Parallelen hinwies, die sich etwa aus der Situation 1945 durch die in die Region str\u00f6menden Menschenmassen an Fl\u00fcchtlingen und Heimatvertriebenen\u00c2\u00a0 und der Situation heute durch erneutes Aufkommen einer hohen Zahl von Fl\u00fcchtlingen f\u00fcr die Caritas-Arbeit ergab. In seinem Festvortrag \u00fcber \u201eDie Herausforderungen der Caritas in Gegenwart und Zukunft\u201c analysierte wiederum Caritas-Pr\u00e4sident Pr\u00e4lat Dr. Peter Neher die augenblicklichen Herausforderungen von Kirche und Caritas und verwies ebenfalls im Zusammenhang mit der derzeitigen verst\u00e4rkten Zuwanderung durch Fl\u00fcchtlinge \u00fcberwiegend aus Nahost und Afrika, den dadurch in Gang gesetzten gesellschaftlichen Auseinandersetzungen und der von der Caritas in diesem Kontext \u00fcbernommenen Aufgabe der gesellschaftlichen Integration durch Begleitung der Neuank\u00f6mmlinge auf die aktuelle Kampagne der Caritas \u201eZusammen sind wir Heimat\u201c, die dazu diene, notwendige Debatten zu f\u00fchren, aber auch die M\u00f6glichkeiten und Chancen des Zusammenlebens sichtbar zu machen und daf\u00fcr zu werben.<\/p>\n<p>Die Moderation des Festaktes hatte der Fuldaer H\u00f6rfunk-Journalist Hermann\u00c2\u00a0 Diel inne, der locker und unterhaltsam durch den Nachmittag f\u00fchrte. F\u00fcr den w\u00fcrdigen musikalischen Rahmen sorgte das Apollo-Trio Fulda mit Alexander Urvalov (Piano), Vladimir Pletner (Violine) und Jochem Fuchs\u00c2\u00a0 (Violoncello).<\/p>\n<p>Kontakt: Caritasverband f\u00fcr die Di\u00f6zese Fulda e. V., Wilhelmstr. 2, 36037 Fulda, Tel. 0661 \/ 2428-0, E-Mail info@caritas-fulda.de, www.caritas-fulda.de, www.100-jahre-caritas-fulda.de.<\/p>\n","protected":false},"excerpt":{"rendered":"<div class=\"tmnf_excerpt\"><p>Der Caritasverband f\u00fcr die Di\u00f6zese Fulda hatte eingeladen, und zahlreiche Menschen aus nah und fern, Vertreter aus dem Bistum, von der deutschlandweiten Caritas und anderer Wohlfahrtsverb\u00e4nde, G\u00e4ste aus Politik und Wirtschaft, viele Freunde, Unterst\u00fctzer und G\u00f6nner der Caritas, nat\u00fcrlich auch unz\u00e4hlige Mitarbeiter und Ehrenamtliche, aber auch Menschen, die in den Caritas-Einrichtungen betreut werden und Unterst\u00fctzung &hellip;<\/p>\n<\/div>","protected":false},"author":1,"featured_media":159763,"comment_status":"closed","ping_status":"closed","sticky":false,"template":"","format":"standard","meta":{"footnotes":""},"categories":[1],"tags":[],"class_list":["post-159761","post","type-post","status-publish","format-standard","has-post-thumbnail","hentry","category-startseite"],"_links":{"self":[{"href":"https:\/\/www.fuldaernachrichten.de\/index.php?rest_route=\/wp\/v2\/posts\/159761","targetHints":{"allow":["GET"]}}],"collection":[{"href":"https:\/\/www.fuldaernachrichten.de\/index.php?rest_route=\/wp\/v2\/posts"}],"about":[{"href":"https:\/\/www.fuldaernachrichten.de\/index.php?rest_route=\/wp\/v2\/types\/post"}],"author":[{"embeddable":true,"href":"https:\/\/www.fuldaernachrichten.de\/index.php?rest_route=\/wp\/v2\/users\/1"}],"replies":[{"embeddable":true,"href":"https:\/\/www.fuldaernachrichten.de\/index.php?rest_route=%2Fwp%2Fv2%2Fcomments&post=159761"}],"version-history":[{"count":1,"href":"https:\/\/www.fuldaernachrichten.de\/index.php?rest_route=\/wp\/v2\/posts\/159761\/revisions"}],"predecessor-version":[{"id":159765,"href":"https:\/\/www.fuldaernachrichten.de\/index.php?rest_route=\/wp\/v2\/posts\/159761\/revisions\/159765"}],"wp:featuredmedia":[{"embeddable":true,"href":"https:\/\/www.fuldaernachrichten.de\/index.php?rest_route=\/wp\/v2\/media\/159763"}],"wp:attachment":[{"href":"https:\/\/www.fuldaernachrichten.de\/index.php?rest_route=%2Fwp%2Fv2%2Fmedia&parent=159761"}],"wp:term":[{"taxonomy":"category","embeddable":true,"href":"https:\/\/www.fuldaernachrichten.de\/index.php?rest_route=%2Fwp%2Fv2%2Fcategories&post=159761"},{"taxonomy":"post_tag","embeddable":true,"href":"https:\/\/www.fuldaernachrichten.de\/index.php?rest_route=%2Fwp%2Fv2%2Ftags&post=159761"}],"curies":[{"name":"wp","href":"https:\/\/api.w.org\/{rel}","templated":true}]}}