{"id":159758,"date":"2017-02-01T23:25:36","date_gmt":"2017-02-01T22:25:36","guid":{"rendered":"http:\/\/www.fuldaer-nachrichten.de\/?p=159758"},"modified":"2017-02-01T23:25:36","modified_gmt":"2017-02-01T22:25:36","slug":"tauwetter-schlossgartenweiher-wird-wieder-gesperrt","status":"publish","type":"post","link":"https:\/\/www.fuldaernachrichten.de\/?p=159758","title":{"rendered":"Tauwetter: Schlossgartenweiher wird wieder gesperrt"},"content":{"rendered":"<p>Das Schlittschuhlaufen mitten im Schlossgarten hat nun leider wieder ein Ende, denn das aktuelle Tauwetter l\u00e4sst die Eisschicht schmelzen. Deshalb werden heute Nachmittag ab 16:00 Uhr die Verbots-Schilder wieder enth\u00fcllt, die Eisfl\u00e4che ist gesperrt.<\/p>\n<p>Die Matten auf dem Holzpodest, die Stufen auf die Eisfl\u00e4che sowie die zus\u00e4tzlichen Papierk\u00f6rbe werden in den kommenden Tagen entfernt.<\/p>\n","protected":false},"excerpt":{"rendered":"<div class=\"tmnf_excerpt\"><p>Das Schlittschuhlaufen mitten im Schlossgarten hat nun leider wieder ein Ende, denn das aktuelle Tauwetter l\u00e4sst die Eisschicht schmelzen. Deshalb werden heute Nachmittag ab 16:00 Uhr die Verbots-Schilder wieder enth\u00fcllt, die Eisfl\u00e4che ist gesperrt. Die Matten auf dem Holzpodest, die Stufen auf die Eisfl\u00e4che sowie die zus\u00e4tzlichen Papierk\u00f6rbe werden in den kommenden Tagen entfernt.<\/p>\n<\/div>","protected":false},"author":1,"featured_media":159759,"comment_status":"closed","ping_status":"closed","sticky":false,"template":"","format":"standard","meta":{"footnotes":""},"categories":[1],"tags":[],"class_list":["post-159758","post","type-post","status-publish","format-standard","has-post-thumbnail","hentry","category-startseite"],"_links":{"self":[{"href":"https:\/\/www.fuldaernachrichten.de\/index.php?rest_route=\/wp\/v2\/posts\/159758","targetHints":{"allow":["GET"]}}],"collection":[{"href":"https:\/\/www.fuldaernachrichten.de\/index.php?rest_route=\/wp\/v2\/posts"}],"about":[{"href":"https:\/\/www.fuldaernachrichten.de\/index.php?rest_route=\/wp\/v2\/types\/post"}],"author":[{"embeddable":true,"href":"https:\/\/www.fuldaernachrichten.de\/index.php?rest_route=\/wp\/v2\/users\/1"}],"replies":[{"embeddable":true,"href":"https:\/\/www.fuldaernachrichten.de\/index.php?rest_route=%2Fwp%2Fv2%2Fcomments&post=159758"}],"version-history":[{"count":1,"href":"https:\/\/www.fuldaernachrichten.de\/index.php?rest_route=\/wp\/v2\/posts\/159758\/revisions"}],"predecessor-version":[{"id":159762,"href":"https:\/\/www.fuldaernachrichten.de\/index.php?rest_route=\/wp\/v2\/posts\/159758\/revisions\/159762"}],"wp:featuredmedia":[{"embeddable":true,"href":"https:\/\/www.fuldaernachrichten.de\/index.php?rest_route=\/wp\/v2\/media\/159759"}],"wp:attachment":[{"href":"https:\/\/www.fuldaernachrichten.de\/index.php?rest_route=%2Fwp%2Fv2%2Fmedia&parent=159758"}],"wp:term":[{"taxonomy":"category","embeddable":true,"href":"https:\/\/www.fuldaernachrichten.de\/index.php?rest_route=%2Fwp%2Fv2%2Fcategories&post=159758"},{"taxonomy":"post_tag","embeddable":true,"href":"https:\/\/www.fuldaernachrichten.de\/index.php?rest_route=%2Fwp%2Fv2%2Ftags&post=159758"}],"curies":[{"name":"wp","href":"https:\/\/api.w.org\/{rel}","templated":true}]}}