{"id":159745,"date":"2017-02-01T23:23:34","date_gmt":"2017-02-01T22:23:34","guid":{"rendered":"http:\/\/www.fuldaer-nachrichten.de\/?p=159745"},"modified":"2017-02-01T23:24:59","modified_gmt":"2017-02-01T22:24:59","slug":"rachel-kolly-dalba-violine-und-christian-chamorel-klavier-fuerstensaal-sonntag-08-02-2017-17-00h","status":"publish","type":"post","link":"https:\/\/www.fuldaernachrichten.de\/?p=159745","title":{"rendered":"Rachel Kolly d\u00e2\u20ac\u02dcAlba, Violine und Christian Chamorel, Klavier &#8211; F\u00fcrstensaal, Sonntag, 08.02.2017, 20.00h"},"content":{"rendered":"<p>Die junge Schweizer Solistin Rachel Kolly d\u00e2\u20ac\u2122Alba geh\u00f6rt zu den begabtesten Schweizer Musikerinnen ihrer Generation und begeistert durch ihr leidenschaftliches und temperamentvolles Spiel voll intuitiver Musikalit\u00e4t und farbenreicher Klanglichkeit. Ihr besonderes Vibrato wird immer wieder mit dem ber\u00fchmter Geiger aus vergangenen Epochen verglichen. Ihr wird das Privileg zuteil, eine gro\u00dfartige Stradivari aus dem Jahre 1732 spielen zu k\u00f6nnen.<\/p>\n<p>Rachel Kolly d\u00e2\u20ac\u2122Alba ist als Solistin mit renommierten Orchestern wie dem BBC Philharmonic Orchestra, dem WDR Rundfunkorchester K\u00f6ln und dem hr-Symphonieorchester zu erleben. Zu den H\u00f6hepunkten in der vergangenen Spielzeit geh\u00f6rten u.a. Auff\u00fchrungen und Einspielungen mit den N\u00fcrnberger Symphonikern und dem Bayerischen Rundfunk. Au\u00dferdem absolvierte sie\u00c2\u00a0 eine Amerika-Tournee.<\/p>\n<p>In diesem Jahr wird ihr n\u00e4chstes Album Lyrical Journey mit Violinsonaten von Strauss und Lekeu ver\u00f6ffentlicht. Ihr letztes Album Fin de si\u00e8cle ver\u00f6ffentlichte Rachel Kolly d\u00e2\u20ac\u2122Alba im Jahr 2015. Es wurde unmittelbar nach der Ver\u00f6ffentlichung f\u00fcr den ICMA Award 2016 in der Kategorie Kammermusik nominiert.<\/p>\n<p>Mit Christian Chamorel verbindet sie seit vielen Jahren eine \u00e4u\u00dferst erfolgreiche k\u00fcnstlerische Partnerschaft. Die beiden sind auf den B\u00fchnen renommierter Festivals gern gesehene G\u00e4ste (z.B. Menuhin Festival in Gstaad, Schleswig-Holstein Musik Festival, Chicago International Beethoven Festival).<\/p>\n<p>Christian Chamorel geh\u00f6rt zu den gefragtesten und vielseitigsten Schweizer Pianisten der jungen Generation. Als Solist spielte er mit Orchestern wie dem Berner Symphonieorchester, dem Orchestre de Chambre Fribourgeois, der Sinfonietta de Lausanne und der Sinfonietta de Gen\u00e8ve.<\/p>\n<p>Er ist Preistr\u00e4ger zahlreicher internationaler Wettbewerbe und er erhielt au\u00dferdem erste Preise von der Genfer Soci\u00e9t\u00e9 des Arts und beim ersten internationalen Wettbewerb Les Virtuoses du Futur in Crans-Montana\/Schweiz. Chamorel war mehrfach Stipendiat der F\u00f6rderprogramme der Kiefer Hablitzel Stiftung und des Migros-Verbundes und wurde au\u00dferdem mit dem Leenaards-Preis ausgezeichnet. Von der Yamaha Foundation wurde er ebenfalls mit einem F\u00f6rderpreis geehrt.<\/p>\n<p>2005 ver\u00f6ffentlichte Christian Chamorel seine erste Solo-CD mit Werken von Franz Liszt, die in der internationalen Presse begeistert gefeierte wurde. 2011 und 2013 folgten mit den Sonaten Schumanns und den Klavierkonzerten von Mendelssohn (Orchestre de Chambre Fribourgeois, Laurent Gendre) weitere hochkar\u00e4tige Einspielungen.<\/p>\n<p>Auf dem Programm stehen Franz Schuberts Fantasie C-Dur, D 934, die Sonate Es-Dur op. 18 von Richard Strauss, die Sonate G-Dur von Guillaume Lekeu sowie sieben St\u00fccke von Manuel de Falla.<\/p>\n<p>Tickets sind erh\u00e4ltlich im B\u00fcrgerb\u00fcro, Schlossstr. 1, und im Theaterb\u00fcro, Schlossstr. 5, Telefon: 0661 102-1483. Online-Buchungen k\u00f6nnen unter www.eventim.de vorgenommen werden.<\/p>\n","protected":false},"excerpt":{"rendered":"<div class=\"tmnf_excerpt\"><p>Die junge Schweizer Solistin Rachel Kolly d\u00e2\u20ac\u2122Alba geh\u00f6rt zu den begabtesten Schweizer Musikerinnen ihrer Generation und begeistert durch ihr leidenschaftliches und temperamentvolles Spiel voll intuitiver Musikalit\u00e4t und farbenreicher Klanglichkeit. Ihr besonderes Vibrato wird immer wieder mit dem ber\u00fchmter Geiger aus vergangenen Epochen verglichen. Ihr wird das Privileg zuteil, eine gro\u00dfartige Stradivari aus dem Jahre 1732 &hellip;<\/p>\n<\/div>","protected":false},"author":1,"featured_media":159749,"comment_status":"closed","ping_status":"closed","sticky":false,"template":"","format":"standard","meta":{"footnotes":""},"categories":[1],"tags":[],"class_list":["post-159745","post","type-post","status-publish","format-standard","has-post-thumbnail","hentry","category-startseite"],"_links":{"self":[{"href":"https:\/\/www.fuldaernachrichten.de\/index.php?rest_route=\/wp\/v2\/posts\/159745","targetHints":{"allow":["GET"]}}],"collection":[{"href":"https:\/\/www.fuldaernachrichten.de\/index.php?rest_route=\/wp\/v2\/posts"}],"about":[{"href":"https:\/\/www.fuldaernachrichten.de\/index.php?rest_route=\/wp\/v2\/types\/post"}],"author":[{"embeddable":true,"href":"https:\/\/www.fuldaernachrichten.de\/index.php?rest_route=\/wp\/v2\/users\/1"}],"replies":[{"embeddable":true,"href":"https:\/\/www.fuldaernachrichten.de\/index.php?rest_route=%2Fwp%2Fv2%2Fcomments&post=159745"}],"version-history":[{"count":2,"href":"https:\/\/www.fuldaernachrichten.de\/index.php?rest_route=\/wp\/v2\/posts\/159745\/revisions"}],"predecessor-version":[{"id":159757,"href":"https:\/\/www.fuldaernachrichten.de\/index.php?rest_route=\/wp\/v2\/posts\/159745\/revisions\/159757"}],"wp:featuredmedia":[{"embeddable":true,"href":"https:\/\/www.fuldaernachrichten.de\/index.php?rest_route=\/wp\/v2\/media\/159749"}],"wp:attachment":[{"href":"https:\/\/www.fuldaernachrichten.de\/index.php?rest_route=%2Fwp%2Fv2%2Fmedia&parent=159745"}],"wp:term":[{"taxonomy":"category","embeddable":true,"href":"https:\/\/www.fuldaernachrichten.de\/index.php?rest_route=%2Fwp%2Fv2%2Fcategories&post=159745"},{"taxonomy":"post_tag","embeddable":true,"href":"https:\/\/www.fuldaernachrichten.de\/index.php?rest_route=%2Fwp%2Fv2%2Ftags&post=159745"}],"curies":[{"name":"wp","href":"https:\/\/api.w.org\/{rel}","templated":true}]}}