{"id":159741,"date":"2017-02-01T23:22:01","date_gmt":"2017-02-01T22:22:01","guid":{"rendered":"http:\/\/www.fuldaer-nachrichten.de\/?p=159741"},"modified":"2017-02-01T23:22:01","modified_gmt":"2017-02-01T22:22:01","slug":"fahrt-zur-ausstellung-geschlechterkampf-nach-frankfurt","status":"publish","type":"post","link":"https:\/\/www.fuldaernachrichten.de\/?p=159741","title":{"rendered":"Fahrt zur Ausstellung \u201eGeschlechterkampf\u201c nach Frankfurt"},"content":{"rendered":"<p>Das Frauenb\u00fcro und die Volkshochschule der Stadt Fulda bieten am Samstag, 11. Februar, von 8 bis 15 Uhr eine Exkursion zur Ausstellung \u201eGeschlechterkampf\u201c im St\u00e4delmuseum Frankfurt an.<\/p>\n<p>Die gro\u00dfe Sonderausstellung steigt in den ewig aktuellen Geschlechterkampf ein und pr\u00e4sentiert die pr\u00e4gnantesten k\u00fcnstlerischen Positionen zu diesem Thema von der Mitte des 19. Jahrhunderts bis zum Ende des Zweiten Weltkrieges, darunter Franz von Stuck, Max Liebermann, \u00c3\u2030douard Manet, Gustav Klimt, Edvard Munch und Frida Kahlo.<\/p>\n<p>Anhand von \u00fcber 150 Werken aus Malerei, Skulptur, Grafik, Fotografie und Film wird gezeigt, wie kontrovers K\u00fcnstlerinnen und K\u00fcnstler der Moderne die Frage nach der m\u00e4nnlichen und weiblichen Identit\u00e4t interpretierten und auf die Konstruktion von Geschlechtermodellen reagierten.<\/p>\n<p>Die Teilnahmegeb\u00fchr betr\u00e4gt 25,00 Euro und beinhaltet neben der Hin- und R\u00fcckfahrt mit der Bahn den Eintritt in das Museum und eine F\u00fchrung durch die Ausstellung.<\/p>\n<p>Anmeldungen werden bis zum 09.02. von der VHS der Stadt Fulda (Tel. 0661 102 1477) oder vom Frauenb\u00fcro der Stadt Fulda (Tel. 0661 102 1042) oder per Mail \u00fcber frauenbuero@fulda.de entgegengenommen.<\/p>\n","protected":false},"excerpt":{"rendered":"<div class=\"tmnf_excerpt\"><p>Das Frauenb\u00fcro und die Volkshochschule der Stadt Fulda bieten am Samstag, 11. Februar, von 8 bis 15 Uhr eine Exkursion zur Ausstellung \u201eGeschlechterkampf\u201c im St\u00e4delmuseum Frankfurt an. Die gro\u00dfe Sonderausstellung steigt in den ewig aktuellen Geschlechterkampf ein und pr\u00e4sentiert die pr\u00e4gnantesten k\u00fcnstlerischen Positionen zu diesem Thema von der Mitte des 19. Jahrhunderts bis zum Ende &hellip;<\/p>\n<\/div>","protected":false},"author":1,"featured_media":0,"comment_status":"closed","ping_status":"closed","sticky":false,"template":"","format":"standard","meta":{"footnotes":""},"categories":[1],"tags":[],"class_list":["post-159741","post","type-post","status-publish","format-standard","hentry","category-startseite"],"_links":{"self":[{"href":"https:\/\/www.fuldaernachrichten.de\/index.php?rest_route=\/wp\/v2\/posts\/159741","targetHints":{"allow":["GET"]}}],"collection":[{"href":"https:\/\/www.fuldaernachrichten.de\/index.php?rest_route=\/wp\/v2\/posts"}],"about":[{"href":"https:\/\/www.fuldaernachrichten.de\/index.php?rest_route=\/wp\/v2\/types\/post"}],"author":[{"embeddable":true,"href":"https:\/\/www.fuldaernachrichten.de\/index.php?rest_route=\/wp\/v2\/users\/1"}],"replies":[{"embeddable":true,"href":"https:\/\/www.fuldaernachrichten.de\/index.php?rest_route=%2Fwp%2Fv2%2Fcomments&post=159741"}],"version-history":[{"count":1,"href":"https:\/\/www.fuldaernachrichten.de\/index.php?rest_route=\/wp\/v2\/posts\/159741\/revisions"}],"predecessor-version":[{"id":159744,"href":"https:\/\/www.fuldaernachrichten.de\/index.php?rest_route=\/wp\/v2\/posts\/159741\/revisions\/159744"}],"wp:attachment":[{"href":"https:\/\/www.fuldaernachrichten.de\/index.php?rest_route=%2Fwp%2Fv2%2Fmedia&parent=159741"}],"wp:term":[{"taxonomy":"category","embeddable":true,"href":"https:\/\/www.fuldaernachrichten.de\/index.php?rest_route=%2Fwp%2Fv2%2Fcategories&post=159741"},{"taxonomy":"post_tag","embeddable":true,"href":"https:\/\/www.fuldaernachrichten.de\/index.php?rest_route=%2Fwp%2Fv2%2Ftags&post=159741"}],"curies":[{"name":"wp","href":"https:\/\/api.w.org\/{rel}","templated":true}]}}