{"id":159738,"date":"2017-02-01T08:26:18","date_gmt":"2017-02-01T07:26:18","guid":{"rendered":"http:\/\/www.fuldaer-nachrichten.de\/?p=159738"},"modified":"2017-02-01T08:26:18","modified_gmt":"2017-02-01T07:26:18","slug":"vortrag-mehr-sicherheit-als-fussgaenger","status":"publish","type":"post","link":"https:\/\/www.fuldaernachrichten.de\/?p=159738","title":{"rendered":"Vortrag: Mehr Sicherheit als Fu\u00dfg\u00e4nger"},"content":{"rendered":"<p>Im Gemeindesaal St. Johann in Ziehers-S\u00fcd findet am Donnerstag, den 09. Februar um 15.OO Uhr ein informativer Vortrag von f\u00fcr Fu\u00dfg\u00e4nger statt.<\/p>\n<p>Robert Koretz vom Polizeipr\u00e4sidium Osthessen m\u00f6chte auf die Gefahren f\u00fcr Senioren hinweisen, die als Fu\u00df\u00c2\u00adg\u00e4nger in der Stadt unterwegs sind und am Stra\u00dfenverkehr teilnehmen. Senioren sind besonders gef\u00e4hrdet. Was k\u00f6nnen Senioren tun, um sich selber sicherer im Stra\u00dfenverkehr zu bewegen, besser erkannt und nicht \u00fcbersehen zu werden? Welches sind die h\u00e4ufigsten Unfallursachen? Diese und andere Fragen werden Inhalt des Vortrages sein.<\/p>\n","protected":false},"excerpt":{"rendered":"<div class=\"tmnf_excerpt\"><p>Im Gemeindesaal St. Johann in Ziehers-S\u00fcd findet am Donnerstag, den 09. Februar um 15.OO Uhr ein informativer Vortrag von f\u00fcr Fu\u00dfg\u00e4nger statt. Robert Koretz vom Polizeipr\u00e4sidium Osthessen m\u00f6chte auf die Gefahren f\u00fcr Senioren hinweisen, die als Fu\u00df\u00c2\u00adg\u00e4nger in der Stadt unterwegs sind und am Stra\u00dfenverkehr teilnehmen. Senioren sind besonders gef\u00e4hrdet. Was k\u00f6nnen Senioren tun, um &hellip;<\/p>\n<\/div>","protected":false},"author":1,"featured_media":0,"comment_status":"closed","ping_status":"closed","sticky":false,"template":"","format":"standard","meta":{"footnotes":""},"categories":[1],"tags":[],"class_list":["post-159738","post","type-post","status-publish","format-standard","hentry","category-startseite"],"_links":{"self":[{"href":"https:\/\/www.fuldaernachrichten.de\/index.php?rest_route=\/wp\/v2\/posts\/159738","targetHints":{"allow":["GET"]}}],"collection":[{"href":"https:\/\/www.fuldaernachrichten.de\/index.php?rest_route=\/wp\/v2\/posts"}],"about":[{"href":"https:\/\/www.fuldaernachrichten.de\/index.php?rest_route=\/wp\/v2\/types\/post"}],"author":[{"embeddable":true,"href":"https:\/\/www.fuldaernachrichten.de\/index.php?rest_route=\/wp\/v2\/users\/1"}],"replies":[{"embeddable":true,"href":"https:\/\/www.fuldaernachrichten.de\/index.php?rest_route=%2Fwp%2Fv2%2Fcomments&post=159738"}],"version-history":[{"count":1,"href":"https:\/\/www.fuldaernachrichten.de\/index.php?rest_route=\/wp\/v2\/posts\/159738\/revisions"}],"predecessor-version":[{"id":159739,"href":"https:\/\/www.fuldaernachrichten.de\/index.php?rest_route=\/wp\/v2\/posts\/159738\/revisions\/159739"}],"wp:attachment":[{"href":"https:\/\/www.fuldaernachrichten.de\/index.php?rest_route=%2Fwp%2Fv2%2Fmedia&parent=159738"}],"wp:term":[{"taxonomy":"category","embeddable":true,"href":"https:\/\/www.fuldaernachrichten.de\/index.php?rest_route=%2Fwp%2Fv2%2Fcategories&post=159738"},{"taxonomy":"post_tag","embeddable":true,"href":"https:\/\/www.fuldaernachrichten.de\/index.php?rest_route=%2Fwp%2Fv2%2Ftags&post=159738"}],"curies":[{"name":"wp","href":"https:\/\/api.w.org\/{rel}","templated":true}]}}