{"id":159724,"date":"2017-02-01T08:24:26","date_gmt":"2017-02-01T07:24:26","guid":{"rendered":"http:\/\/www.fuldaer-nachrichten.de\/?p=159724"},"modified":"2017-02-01T08:24:26","modified_gmt":"2017-02-01T07:24:26","slug":"der-gloeckner-von-notre-dame-ein-theaterstueck-mit-menschen-und-figuren-fuer-jugendliche-und-erwachsene-ab-16-jahren","status":"publish","type":"post","link":"https:\/\/www.fuldaernachrichten.de\/?p=159724","title":{"rendered":"\u201eDer Gl\u00f6ckner von Notre Dame\u201c &#8211; Ein Theaterst\u00fcck mit Menschen und Figuren f\u00fcr Jugendliche und Erwachsene ab 16 Jahren"},"content":{"rendered":"<p>Das Traumspiel &#8220;Notre Dame-Ein wahre Geschichte&#8221; wird am 17.2.2017, 20.00 Uhr, im VHS-Forum, Kanzlerpalais, Unterm Hl. Kreuz 1, in Fulda vom Theater con Cuore aufgef\u00fchrt. Die Inszenierung um Liebe, Intrigen und extremen Glauben wurde als erstes Figurentheaterst\u00fcck \u00fcberhaupt f\u00fcr den Monica-Bleibtreu-Preis nominiert, der sonst nur Schauspieltheatern verliehen wird. Ein einmaliges St\u00fcck Theaterkunst!<\/p>\n<p>Vor den Toren von Notre Dame verkauft eine junge Zigeunerin Souveniere. Hinter den Mauern der Kirche lebt ein Priester in seiner Welt. W\u00e4hrend einer Sonnenfinsternis, die nur Sekunden dauert, tr\u00e4umen sich die Beiden in eine Zeit vor 500 Jahren und erspielen eine Geschichte von Liebe und Tod. Den in unseren Tr\u00e4umen leben die Geschichten unseres Blutes und das Blut ist ein Fluss in die Vergangenheit \u00e2\u20ac\u00a6\u00e2\u20ac\u00a6\u00e2\u20ac\u00a6<\/p>\n<p>Ein eitler Hauptmann, der nur sich selbst liebt, ein Priester, der sich der Liebe verweigert, eine Kreatur, die niemand lieben mag und eine Frau, die nur f\u00fcr die Liebe geschaffen scheint. So gehen alle in die Irre, weil es scheinbar keinen anderen Weg f\u00fcr sie gibt. Der Mensch ist in der Gerechtigkeit von unwahrscheinlicher Primitivit\u00e4t\u00c2\u00a0 und im Widerspruch zu seiner Intelligenz. Es gibt nur einen schmalen Grad der Liebe, der sich durch die Zeit schl\u00e4ngelt und den wir oft nur im Traum ertasten.<\/p>\n<p>Karten zu dieser Auff\u00fchrung, die vom Kulturamt Fulda veranstaltet wird, sind im Vorverkauf in der Gesch\u00e4ftsstelle der Fuldaer Zeitung (Peterstor) erh\u00e4ltlich (8,00 \u00e2\u201a\u00ac, erm\u00e4\u00dfigt 6,00 \u00e2\u201a\u00ac) sowie an der Abendkasse (10,00 \u00e2\u201a\u00ac, erm\u00e4\u00dfigt\u00c2\u00a0 8,00 \u00e2\u201a\u00ac).<\/p>\n","protected":false},"excerpt":{"rendered":"<div class=\"tmnf_excerpt\"><p>Das Traumspiel &#8220;Notre Dame-Ein wahre Geschichte&#8221; wird am 17.2.2017, 20.00 Uhr, im VHS-Forum, Kanzlerpalais, Unterm Hl. Kreuz 1, in Fulda vom Theater con Cuore aufgef\u00fchrt. Die Inszenierung um Liebe, Intrigen und extremen Glauben wurde als erstes Figurentheaterst\u00fcck \u00fcberhaupt f\u00fcr den Monica-Bleibtreu-Preis nominiert, der sonst nur Schauspieltheatern verliehen wird. Ein einmaliges St\u00fcck Theaterkunst! Vor den Toren &hellip;<\/p>\n<\/div>","protected":false},"author":1,"featured_media":159729,"comment_status":"closed","ping_status":"closed","sticky":false,"template":"","format":"standard","meta":{"footnotes":""},"categories":[1],"tags":[],"class_list":["post-159724","post","type-post","status-publish","format-standard","has-post-thumbnail","hentry","category-startseite"],"_links":{"self":[{"href":"https:\/\/www.fuldaernachrichten.de\/index.php?rest_route=\/wp\/v2\/posts\/159724","targetHints":{"allow":["GET"]}}],"collection":[{"href":"https:\/\/www.fuldaernachrichten.de\/index.php?rest_route=\/wp\/v2\/posts"}],"about":[{"href":"https:\/\/www.fuldaernachrichten.de\/index.php?rest_route=\/wp\/v2\/types\/post"}],"author":[{"embeddable":true,"href":"https:\/\/www.fuldaernachrichten.de\/index.php?rest_route=\/wp\/v2\/users\/1"}],"replies":[{"embeddable":true,"href":"https:\/\/www.fuldaernachrichten.de\/index.php?rest_route=%2Fwp%2Fv2%2Fcomments&post=159724"}],"version-history":[{"count":1,"href":"https:\/\/www.fuldaernachrichten.de\/index.php?rest_route=\/wp\/v2\/posts\/159724\/revisions"}],"predecessor-version":[{"id":159730,"href":"https:\/\/www.fuldaernachrichten.de\/index.php?rest_route=\/wp\/v2\/posts\/159724\/revisions\/159730"}],"wp:featuredmedia":[{"embeddable":true,"href":"https:\/\/www.fuldaernachrichten.de\/index.php?rest_route=\/wp\/v2\/media\/159729"}],"wp:attachment":[{"href":"https:\/\/www.fuldaernachrichten.de\/index.php?rest_route=%2Fwp%2Fv2%2Fmedia&parent=159724"}],"wp:term":[{"taxonomy":"category","embeddable":true,"href":"https:\/\/www.fuldaernachrichten.de\/index.php?rest_route=%2Fwp%2Fv2%2Fcategories&post=159724"},{"taxonomy":"post_tag","embeddable":true,"href":"https:\/\/www.fuldaernachrichten.de\/index.php?rest_route=%2Fwp%2Fv2%2Ftags&post=159724"}],"curies":[{"name":"wp","href":"https:\/\/api.w.org\/{rel}","templated":true}]}}