{"id":159661,"date":"2017-01-30T21:01:49","date_gmt":"2017-01-30T20:01:49","guid":{"rendered":"http:\/\/www.fuldaer-nachrichten.de\/?p=159661"},"modified":"2017-01-30T21:01:49","modified_gmt":"2017-01-30T20:01:49","slug":"internationaler-besuch-in-fulda-austausch-ueber-nachhaltigkeit-an-der-eduard-stieler-schule","status":"publish","type":"post","link":"https:\/\/www.fuldaernachrichten.de\/?p=159661","title":{"rendered":"Internationaler Besuch in Fulda &#8211; Austausch \u00fcber Nachhaltigkeit an der Eduard-Stieler-Schule"},"content":{"rendered":"<p><a href=\"http:\/\/www.fuldaer-nachrichten.de\/wp-content\/uploads\/2017\/01\/Infokreis.jpg\"><img fetchpriority=\"high\" decoding=\"async\" class=\"alignleft size-thumbnail wp-image-159668\" src=\"http:\/\/www.fuldaer-nachrichten.de\/wp-content\/uploads\/2017\/01\/Infokreis-265x199.jpg\" alt=\"\" width=\"265\" height=\"199\" srcset=\"https:\/\/www.fuldaernachrichten.de\/wp-content\/uploads\/2017\/01\/Infokreis-265x199.jpg 265w, https:\/\/www.fuldaernachrichten.de\/wp-content\/uploads\/2017\/01\/Infokreis-768x576.jpg 768w, https:\/\/www.fuldaernachrichten.de\/wp-content\/uploads\/2017\/01\/Infokreis-600x450.jpg 600w, https:\/\/www.fuldaernachrichten.de\/wp-content\/uploads\/2017\/01\/Infokreis.jpg 900w\" sizes=\"(max-width: 265px) 100vw, 265px\" \/><\/a>Die Ziele der Vereinten Nationen zur nachhaltigen Entwicklung sind aktueller denn je. Um sich mit Sch\u00fclern \u00fcber ihren Einsatz f\u00fcr die Nachhaltigkeitsziele auszutauschen, haben drei internationale Jugendliche \u00fcber \u201eterre des hommes\u201c die Eduard-Stieler-Schule Ende Januar besucht.<\/p>\n<p>\u00dcber einen Jugendaustausch von \u201eterre des hommes\u201c besuchen die drei Jugendlichen aus Nicaragua, Peru und Kambodja derzeit Schulen in Deutschland. In lokalen Jugendnetzwerken setzen sie sich in ihrer Heimat auf unterschiedliche Weise f\u00fcr die Umsetzung der UN-Nachhaltigkeitsziele (Sustainable Development Goals &#8211; SDG) ein. \u201eDort wurden sie zu Delegierten gew\u00e4hlt, um sich mit deutschen Jugendlichen \u00fcber ihre Aktivit\u00e4ten auszutauschen\u201c, berichtete die Koordinatorin der internationalen Jugendnetzwerke von \u201eterre des hommes\u201c Anna B\u00fcschemann. Begleitet wurden die Jugendlichen von ausgebildeten Multiplikatorinnen Irene Bicard (25 Jahre) aus Spanien, Bruna Leite (30 Jahre) aus Brasilien und Heng Kimtan (24 Jahre) aus Kambodja.<\/p>\n<p>Als Fortf\u00fchrung der Milleniumsziele wurden auf dem UN-Gipfel in New York im Sep-tember 2015 insgesamt 17 Oberziele beschlossen, darunter Ern\u00e4hrungssicherung, Verringerung von Ungleichgewichten und Klimaschutz &#8211; mit 169 ambitionierten Unter-zielen. Entsprechend vielf\u00e4ltig ist das Engagement der drei Jugendlichen. Magy Castillo (20 Jahre) aus Nicaragua zum Beispiel arbeitet in ihrer Heimatstadt in einer Theaterwerkstatt, mit deren Hilfe sie auf die Gewalt an Frauen aufmerksam macht und setzt sich mit ihrem Projekt f\u00fcr die Einhaltung der Frauenrechte ein. Die 16-j\u00e4hrige Angihel Fernandez aus Peru k\u00e4mpft gegen die Unterdr\u00fcckung von Frauen und Minderheiten in ihrer Stadt El Salvador. Zudem gibt sie \u00fcber eine eigene Radiosendung betroffenen Opfern eine Stimme. Und Dalin Chin (18 Jahre) aus Kambodja engagiert sich f\u00fcr den Umweltschutz in ihrer Region. Mit Info-Veranstaltungen und Aktionen ermuntert sie junge Menschen und Bauern sich umweltbewusster zu verhalten und auf den Klimawandel zu reagieren.<\/p>\n<p>Gespr\u00e4chsstoff f\u00fcr den Workshop im Politikkurs an der Eduard-Stieler-Schule gab es also ausreichend. \u201eDie SDG betreffen alle L\u00e4nder und sind damit f\u00fcr beide Seiten ein wichtiges Thema\u201c, betonte B\u00fcschemann. Im pers\u00f6nlichen Austausch wurde den jungen Erwachsenen direkter als \u00fcber den \u00f6ffentlichen Diskurs bewusst, welchen welt-weiten Herausforderungen begegnet werden muss. \u201eMan kann viel reden im Unterricht. So hatten wir aber die M\u00f6glichkeit, zu erfahren, wie es in anderen Leben aus-sieht und was man alles tun kann\u201c, sagte eine Sch\u00fclerin. \u201eSehr bereichernd\u201c war auch das Fazit von Lehrerin Verena Puschmann.<\/p>\n<p>W\u00e4hrend des Workshops diskutierten die Sch\u00fcler in gemischten Gruppen \u00fcber das globale Ungleichgewicht und entwickelten Ideen, wie Menschen einen besseren Zugang zu Entscheidungsprozessen erm\u00f6glicht werden kann.<\/p>\n","protected":false},"excerpt":{"rendered":"<div class=\"tmnf_excerpt\"><p>Die Ziele der Vereinten Nationen zur nachhaltigen Entwicklung sind aktueller denn je. Um sich mit Sch\u00fclern \u00fcber ihren Einsatz f\u00fcr die Nachhaltigkeitsziele auszutauschen, haben drei internationale Jugendliche \u00fcber \u201eterre des hommes\u201c die Eduard-Stieler-Schule Ende Januar besucht. \u00dcber einen Jugendaustausch von \u201eterre des hommes\u201c besuchen die drei Jugendlichen aus Nicaragua, Peru und Kambodja derzeit Schulen in &hellip;<\/p>\n<\/div>","protected":false},"author":1,"featured_media":159667,"comment_status":"closed","ping_status":"closed","sticky":false,"template":"","format":"standard","meta":{"footnotes":""},"categories":[1],"tags":[],"class_list":["post-159661","post","type-post","status-publish","format-standard","has-post-thumbnail","hentry","category-startseite"],"_links":{"self":[{"href":"https:\/\/www.fuldaernachrichten.de\/index.php?rest_route=\/wp\/v2\/posts\/159661","targetHints":{"allow":["GET"]}}],"collection":[{"href":"https:\/\/www.fuldaernachrichten.de\/index.php?rest_route=\/wp\/v2\/posts"}],"about":[{"href":"https:\/\/www.fuldaernachrichten.de\/index.php?rest_route=\/wp\/v2\/types\/post"}],"author":[{"embeddable":true,"href":"https:\/\/www.fuldaernachrichten.de\/index.php?rest_route=\/wp\/v2\/users\/1"}],"replies":[{"embeddable":true,"href":"https:\/\/www.fuldaernachrichten.de\/index.php?rest_route=%2Fwp%2Fv2%2Fcomments&post=159661"}],"version-history":[{"count":1,"href":"https:\/\/www.fuldaernachrichten.de\/index.php?rest_route=\/wp\/v2\/posts\/159661\/revisions"}],"predecessor-version":[{"id":159669,"href":"https:\/\/www.fuldaernachrichten.de\/index.php?rest_route=\/wp\/v2\/posts\/159661\/revisions\/159669"}],"wp:featuredmedia":[{"embeddable":true,"href":"https:\/\/www.fuldaernachrichten.de\/index.php?rest_route=\/wp\/v2\/media\/159667"}],"wp:attachment":[{"href":"https:\/\/www.fuldaernachrichten.de\/index.php?rest_route=%2Fwp%2Fv2%2Fmedia&parent=159661"}],"wp:term":[{"taxonomy":"category","embeddable":true,"href":"https:\/\/www.fuldaernachrichten.de\/index.php?rest_route=%2Fwp%2Fv2%2Fcategories&post=159661"},{"taxonomy":"post_tag","embeddable":true,"href":"https:\/\/www.fuldaernachrichten.de\/index.php?rest_route=%2Fwp%2Fv2%2Ftags&post=159661"}],"curies":[{"name":"wp","href":"https:\/\/api.w.org\/{rel}","templated":true}]}}