{"id":159652,"date":"2017-01-30T20:59:04","date_gmt":"2017-01-30T19:59:04","guid":{"rendered":"http:\/\/www.fuldaer-nachrichten.de\/?p=159652"},"modified":"2017-01-30T20:59:04","modified_gmt":"2017-01-30T19:59:04","slug":"trafo-station-ruhlkirchen-infotafel-zu-den-bewohnern-des-vogelhochhauses","status":"publish","type":"post","link":"https:\/\/www.fuldaernachrichten.de\/?p=159652","title":{"rendered":"Trafo-Station Ruhlkirchen: Infotafel zu den Bewohnern des Vogelhochhauses"},"content":{"rendered":"<p><a href=\"http:\/\/www.fuldaer-nachrichten.de\/wp-content\/uploads\/2017\/01\/TafelMischakKrist.jpg\"><img decoding=\"async\" class=\"alignleft size-thumbnail wp-image-159658\" src=\"http:\/\/www.fuldaer-nachrichten.de\/wp-content\/uploads\/2017\/01\/TafelMischakKrist-265x177.jpg\" alt=\"\" width=\"265\" height=\"177\" srcset=\"https:\/\/www.fuldaernachrichten.de\/wp-content\/uploads\/2017\/01\/TafelMischakKrist-265x177.jpg 265w, https:\/\/www.fuldaernachrichten.de\/wp-content\/uploads\/2017\/01\/TafelMischakKrist-768x512.jpg 768w, https:\/\/www.fuldaernachrichten.de\/wp-content\/uploads\/2017\/01\/TafelMischakKrist-600x400.jpg 600w, https:\/\/www.fuldaernachrichten.de\/wp-content\/uploads\/2017\/01\/TafelMischakKrist.jpg 900w\" sizes=\"(max-width: 265px) 100vw, 265px\" \/><\/a>Jetzt h\u00e4ngt auch die Informationstafel mit dem passenden Titel \u201eHochhaus f\u00fcr fliegende Dorfbewohner\u201c und die Arbeiten an der ehemaligen Trafo-Station sind damit abgeschlossen. Umweltdezernent Dr. Jens Mischak beurteilte die Tafel als gut gelungen: Sie zeigt im Hintergrund Ruhlkirchen als Luftbild, darauf steht das Bild des \u201eVogelhochhauses\u201c. Kurzweilig werden die m\u00f6glichen Bewohner beschrieben, n\u00e4mlich Dohlen, Mauersegler, Mehlschwalben, Haus- und Feldsperlinge sowie Flederm\u00e4use.<\/p>\n<p>Die ehemalige Trafo-Station befindet sich direkt an der Antrift. Das geschichtliche Relikt konnte durch die Sanierung des Daches und der Au\u00dfenfassade erhalten werden. Mehrere Nisthilfen und ein Insektenhotel wurden angebracht, das von Jugendlichen aus dem Ort in den Ferien gebaut worden war. B\u00fcrgermeister Dietmar Krist umriss noch zwei weitere Projekt-Ideen zur Verbesserung und Stabilisierung der Fischpopulation in der Antrift. Auch ein wassernaher Erlebnisbereich f\u00fcr Mitb\u00fcrger jeden Alters soll dort entstehen.<\/p>\n<p>Dr. Mischak: \u201eWir helfen als Kreisverwaltung mit bei der Planung und Umsetzung von \u00f6rtlichen Projekten. Und das besonders gerne, wenn das \u00f6rtliche Interesse auch durch praktische Arbeiten untermauert wird, wie bei diesem Projekt.\u201c Hier hatten die Herren Berthold Selzer, Thomas H\u00f6lscher, S\u00f6ren Beyer, Michael Bonnard, Matthias Krist und Dirk Kulke von den \u00f6rtlichen Angelfreunden tatkr\u00e4ftig mitgewirkt und zum Gelingen beigetragen.<\/p>\n<p>B\u00fcrgermeister Krist warb f\u00fcr eine breite Unterst\u00fctzung bei der Umsetzung der neuen Ideen zur weiteren Aufwertungen des Lebensraumes f\u00fcr Mensch und Tier in der Mitte seines Ortsteiles. Der Kreisumweltdezernent Dr. Jens Mischak versprach: \u201eIm Rahmen unserer M\u00f6glichkeit helfen wir auch weiterhin mit\u201c.<\/p>\n","protected":false},"excerpt":{"rendered":"<div class=\"tmnf_excerpt\"><p>Jetzt h\u00e4ngt auch die Informationstafel mit dem passenden Titel \u201eHochhaus f\u00fcr fliegende Dorfbewohner\u201c und die Arbeiten an der ehemaligen Trafo-Station sind damit abgeschlossen. Umweltdezernent Dr. Jens Mischak beurteilte die Tafel als gut gelungen: Sie zeigt im Hintergrund Ruhlkirchen als Luftbild, darauf steht das Bild des \u201eVogelhochhauses\u201c. Kurzweilig werden die m\u00f6glichen Bewohner beschrieben, n\u00e4mlich Dohlen, Mauersegler, &hellip;<\/p>\n<\/div>","protected":false},"author":1,"featured_media":159657,"comment_status":"closed","ping_status":"closed","sticky":false,"template":"","format":"standard","meta":{"footnotes":""},"categories":[1],"tags":[],"class_list":["post-159652","post","type-post","status-publish","format-standard","has-post-thumbnail","hentry","category-startseite"],"_links":{"self":[{"href":"https:\/\/www.fuldaernachrichten.de\/index.php?rest_route=\/wp\/v2\/posts\/159652","targetHints":{"allow":["GET"]}}],"collection":[{"href":"https:\/\/www.fuldaernachrichten.de\/index.php?rest_route=\/wp\/v2\/posts"}],"about":[{"href":"https:\/\/www.fuldaernachrichten.de\/index.php?rest_route=\/wp\/v2\/types\/post"}],"author":[{"embeddable":true,"href":"https:\/\/www.fuldaernachrichten.de\/index.php?rest_route=\/wp\/v2\/users\/1"}],"replies":[{"embeddable":true,"href":"https:\/\/www.fuldaernachrichten.de\/index.php?rest_route=%2Fwp%2Fv2%2Fcomments&post=159652"}],"version-history":[{"count":1,"href":"https:\/\/www.fuldaernachrichten.de\/index.php?rest_route=\/wp\/v2\/posts\/159652\/revisions"}],"predecessor-version":[{"id":159659,"href":"https:\/\/www.fuldaernachrichten.de\/index.php?rest_route=\/wp\/v2\/posts\/159652\/revisions\/159659"}],"wp:featuredmedia":[{"embeddable":true,"href":"https:\/\/www.fuldaernachrichten.de\/index.php?rest_route=\/wp\/v2\/media\/159657"}],"wp:attachment":[{"href":"https:\/\/www.fuldaernachrichten.de\/index.php?rest_route=%2Fwp%2Fv2%2Fmedia&parent=159652"}],"wp:term":[{"taxonomy":"category","embeddable":true,"href":"https:\/\/www.fuldaernachrichten.de\/index.php?rest_route=%2Fwp%2Fv2%2Fcategories&post=159652"},{"taxonomy":"post_tag","embeddable":true,"href":"https:\/\/www.fuldaernachrichten.de\/index.php?rest_route=%2Fwp%2Fv2%2Ftags&post=159652"}],"curies":[{"name":"wp","href":"https:\/\/api.w.org\/{rel}","templated":true}]}}