{"id":159578,"date":"2017-01-29T23:26:12","date_gmt":"2017-01-29T22:26:12","guid":{"rendered":"http:\/\/www.fuldaer-nachrichten.de\/?p=159578"},"modified":"2017-01-29T23:26:12","modified_gmt":"2017-01-29T22:26:12","slug":"jugendpfarrer-renze-neuer-seelsorgeamtsleiter","status":"publish","type":"post","link":"https:\/\/www.fuldaernachrichten.de\/?p=159578","title":{"rendered":"Jugendpfarrer Renze neuer Seelsorgeamtsleiter"},"content":{"rendered":"<p>Jugendpfarrer Thomas Renze (Fulda) ist mit Wirkung vom 1. Februar von Bischof Heinz Josef Algermissen zum neuen Leiter des Seelsorgeamts im Bisch\u00f6flichen Generalvikariat ernannt worden. Der 37-J\u00e4hrige leitete das Seelsorgeamt seit November kommissarisch. Bis zur Ernennung eines neuen Di\u00f6zesanjugendpfarrers beh\u00e4lt Renze diese Funktion bei.<\/p>\n<p>Thomas Renze wurde am 28. Mai 1979 in Fulda geboren und legte im Juni 1999 sein Abitur an der Rabanus-Maurus-Schule (Domgymnasium) ab. Nach philosophisch-theologischen Studien in Fulda, M\u00fcnchen und Rom (Gregoriana) wurde er am 24. Juni 2007 von Bischof Algermissen im Fuldaer Dom zum Priester geweiht. Danach wirkte er als Kaplan in der Pfarrei Maria K\u00f6nigin in Meerholz-Hailer, Christk\u00f6nig Gr\u00fcndau und St. Wendelin H\u00f6chst und von August 2009 bis April 2012 als Kaplan in St. Michael Neuhof und Mari\u00e4 Himmelfahrt Rommerz. Von M\u00e4rz 2010 bis M\u00e4rz 2013 war Renze Di\u00f6zesankurat der Deutschen Pfadfinderschaft Sankt Georg (DPSG). Seit 1. Mai 2012 ist er Di\u00f6zesanjugendpfarrer und Leiter des Bisch\u00f6flichen Jugendamtes. Im selben Jahr wurde er zum Pr\u00e4ses des Bundes der Deutschen Katholischen Jugend (BDKJ) gew\u00e4hlt. Seit Juli 2013 ist er zudem Di\u00f6zesanverantwortlicher f\u00fcr Berufungspastoral.<\/p>\n","protected":false},"excerpt":{"rendered":"<div class=\"tmnf_excerpt\"><p>Jugendpfarrer Thomas Renze (Fulda) ist mit Wirkung vom 1. Februar von Bischof Heinz Josef Algermissen zum neuen Leiter des Seelsorgeamts im Bisch\u00f6flichen Generalvikariat ernannt worden. Der 37-J\u00e4hrige leitete das Seelsorgeamt seit November kommissarisch. Bis zur Ernennung eines neuen Di\u00f6zesanjugendpfarrers beh\u00e4lt Renze diese Funktion bei. Thomas Renze wurde am 28. Mai 1979 in Fulda geboren und &hellip;<\/p>\n<\/div>","protected":false},"author":1,"featured_media":159588,"comment_status":"closed","ping_status":"closed","sticky":false,"template":"","format":"standard","meta":{"footnotes":""},"categories":[1],"tags":[],"class_list":["post-159578","post","type-post","status-publish","format-standard","has-post-thumbnail","hentry","category-startseite"],"_links":{"self":[{"href":"https:\/\/www.fuldaernachrichten.de\/index.php?rest_route=\/wp\/v2\/posts\/159578","targetHints":{"allow":["GET"]}}],"collection":[{"href":"https:\/\/www.fuldaernachrichten.de\/index.php?rest_route=\/wp\/v2\/posts"}],"about":[{"href":"https:\/\/www.fuldaernachrichten.de\/index.php?rest_route=\/wp\/v2\/types\/post"}],"author":[{"embeddable":true,"href":"https:\/\/www.fuldaernachrichten.de\/index.php?rest_route=\/wp\/v2\/users\/1"}],"replies":[{"embeddable":true,"href":"https:\/\/www.fuldaernachrichten.de\/index.php?rest_route=%2Fwp%2Fv2%2Fcomments&post=159578"}],"version-history":[{"count":1,"href":"https:\/\/www.fuldaernachrichten.de\/index.php?rest_route=\/wp\/v2\/posts\/159578\/revisions"}],"predecessor-version":[{"id":159589,"href":"https:\/\/www.fuldaernachrichten.de\/index.php?rest_route=\/wp\/v2\/posts\/159578\/revisions\/159589"}],"wp:featuredmedia":[{"embeddable":true,"href":"https:\/\/www.fuldaernachrichten.de\/index.php?rest_route=\/wp\/v2\/media\/159588"}],"wp:attachment":[{"href":"https:\/\/www.fuldaernachrichten.de\/index.php?rest_route=%2Fwp%2Fv2%2Fmedia&parent=159578"}],"wp:term":[{"taxonomy":"category","embeddable":true,"href":"https:\/\/www.fuldaernachrichten.de\/index.php?rest_route=%2Fwp%2Fv2%2Fcategories&post=159578"},{"taxonomy":"post_tag","embeddable":true,"href":"https:\/\/www.fuldaernachrichten.de\/index.php?rest_route=%2Fwp%2Fv2%2Ftags&post=159578"}],"curies":[{"name":"wp","href":"https:\/\/api.w.org\/{rel}","templated":true}]}}