{"id":159575,"date":"2017-01-29T23:24:17","date_gmt":"2017-01-29T22:24:17","guid":{"rendered":"http:\/\/www.fuldaer-nachrichten.de\/?p=159575"},"modified":"2017-01-29T23:24:17","modified_gmt":"2017-01-29T22:24:17","slug":"landkreis-und-stadt-fulda-schliessen-zusammen-mit-kreisfeuerwehrverband-kooperationsvereinbarung","status":"publish","type":"post","link":"https:\/\/www.fuldaernachrichten.de\/?p=159575","title":{"rendered":"Landkreis und Stadt Fulda schlie\u00dfen zusammen mit Kreisfeuerwehrverband Kooperationsvereinbarung"},"content":{"rendered":"<p>Der Landkreis und die Stadt Fulda wollen bei der Aus- und Fortbildung im Feuerwehrwesen verst\u00e4rkt zusammenarbeiten. Landrat Bernd Woide, Erster Kreisbeigeordneter Frederik Schmitt und B\u00fcrgermeister Dag Wehner auch in Vertretung des erkrankten Oberb\u00fcrgermeisters Dr. Heiko Wingenfeld haben gemeinsam mit dem Vorsitzenden des Kreisfeuerwehrverbandes, Lothar Mihm, eine Kooperationsvereinbarung unterschrieben.<\/p>\n<p>Unter Federf\u00fchrung des Landkreises werden die Grundausbildungs-, Truppf\u00fchrer-, Sprechfunk- und Maschinisten-Lehrg\u00e4nge sowie die Lehrg\u00e4nge Technische Hilfeleistung Bahn durchgef\u00fchrt. Die Stadt Fulda \u00fcbernimmt die Verantwortung f\u00fcr die Atemschutzger\u00e4tetr\u00e4ger-Lehrg\u00e4nge sowie die Lehrg\u00e4nge Technische Hilfeleistung Verkehrsunfall. Der Kreisfeuerwehrverband leistet organisatorische und logistische Unterst\u00fctzung. Die Aus- und Weiterbildung findet in enger Abstimmung statt. Auch bilden Landkreis und Stadt Fulda einen gemeinsamen Pool an Ausbildern, die beiderseitig eingesetzt werden k\u00f6nnen.<\/p>\n<p>Nach den Worten von Landrat Woide sei f\u00fcr die Sicherheit der Menschen in der Region nicht entscheidend, wer einen Lehrgang durchf\u00fchre, sondern wie erfolgreich dieser verlaufe. Deutlich Synergieeffekte sieht Kreisbrandinspektor Adrian Vogler, wobei jede Seite ihre spezifischen St\u00e4rken habe. Der Leiter der st\u00e4dtischen Feuerwehr, Thomas Helmer, sprach von einem gro\u00dfen Schritt nach vorne. In anderen Landesteilen sei man mit der Zusammenarbeit im Ausbildungsbereich noch l\u00e4ngst nicht so weit. Auch B\u00fcrgermeister Dag Wehner wies auf die Vorteile der Regelung f\u00fcr die St\u00e4dte und Gemeinden hin.<\/p>\n","protected":false},"excerpt":{"rendered":"<div class=\"tmnf_excerpt\"><p>Der Landkreis und die Stadt Fulda wollen bei der Aus- und Fortbildung im Feuerwehrwesen verst\u00e4rkt zusammenarbeiten. Landrat Bernd Woide, Erster Kreisbeigeordneter Frederik Schmitt und B\u00fcrgermeister Dag Wehner auch in Vertretung des erkrankten Oberb\u00fcrgermeisters Dr. Heiko Wingenfeld haben gemeinsam mit dem Vorsitzenden des Kreisfeuerwehrverbandes, Lothar Mihm, eine Kooperationsvereinbarung unterschrieben. Unter Federf\u00fchrung des Landkreises werden die Grundausbildungs-, &hellip;<\/p>\n<\/div>","protected":false},"author":1,"featured_media":159579,"comment_status":"closed","ping_status":"closed","sticky":false,"template":"","format":"standard","meta":{"footnotes":""},"categories":[1],"tags":[],"class_list":["post-159575","post","type-post","status-publish","format-standard","has-post-thumbnail","hentry","category-startseite"],"_links":{"self":[{"href":"https:\/\/www.fuldaernachrichten.de\/index.php?rest_route=\/wp\/v2\/posts\/159575","targetHints":{"allow":["GET"]}}],"collection":[{"href":"https:\/\/www.fuldaernachrichten.de\/index.php?rest_route=\/wp\/v2\/posts"}],"about":[{"href":"https:\/\/www.fuldaernachrichten.de\/index.php?rest_route=\/wp\/v2\/types\/post"}],"author":[{"embeddable":true,"href":"https:\/\/www.fuldaernachrichten.de\/index.php?rest_route=\/wp\/v2\/users\/1"}],"replies":[{"embeddable":true,"href":"https:\/\/www.fuldaernachrichten.de\/index.php?rest_route=%2Fwp%2Fv2%2Fcomments&post=159575"}],"version-history":[{"count":1,"href":"https:\/\/www.fuldaernachrichten.de\/index.php?rest_route=\/wp\/v2\/posts\/159575\/revisions"}],"predecessor-version":[{"id":159580,"href":"https:\/\/www.fuldaernachrichten.de\/index.php?rest_route=\/wp\/v2\/posts\/159575\/revisions\/159580"}],"wp:featuredmedia":[{"embeddable":true,"href":"https:\/\/www.fuldaernachrichten.de\/index.php?rest_route=\/wp\/v2\/media\/159579"}],"wp:attachment":[{"href":"https:\/\/www.fuldaernachrichten.de\/index.php?rest_route=%2Fwp%2Fv2%2Fmedia&parent=159575"}],"wp:term":[{"taxonomy":"category","embeddable":true,"href":"https:\/\/www.fuldaernachrichten.de\/index.php?rest_route=%2Fwp%2Fv2%2Fcategories&post=159575"},{"taxonomy":"post_tag","embeddable":true,"href":"https:\/\/www.fuldaernachrichten.de\/index.php?rest_route=%2Fwp%2Fv2%2Ftags&post=159575"}],"curies":[{"name":"wp","href":"https:\/\/api.w.org\/{rel}","templated":true}]}}