{"id":159563,"date":"2017-01-29T23:23:45","date_gmt":"2017-01-29T22:23:45","guid":{"rendered":"http:\/\/www.fuldaer-nachrichten.de\/?p=159563"},"modified":"2017-01-29T23:23:45","modified_gmt":"2017-01-29T22:23:45","slug":"steigender-beratungsbedarf-bei-der-betreuungsbehoerde-des-landkreises","status":"publish","type":"post","link":"https:\/\/www.fuldaernachrichten.de\/?p=159563","title":{"rendered":"Steigender Beratungsbedarf bei der Betreuungsbeh\u00f6rde des Landkreises"},"content":{"rendered":"<p>F\u00fcr Erwachsene, die durch Alter, Krankheit, Behinderung oder Unfall nicht in der Lage sind, ihre rechtlichen Angelegenheiten eigenverantwortlich zu regeln, kann eine gesetzliche Betreuung erforderlich werden. 2016 war dies bei rund 3.600 Personen im Landkreis Fulda der Fall. Die gr\u00f6\u00dfte Gruppe bildeten \u00e4ltere Menschen, allerdings w\u00e4chst auch die Zahl betreuungsbed\u00fcrftiger junger Erwachsener mit psychischen Erkrankungen oder Suchtabh\u00e4ngigkeit.<\/p>\n<p>Zu den Aufgaben eines gesetzlichen Betreuers geh\u00f6ren unter anderem die Organisation der medizinischen und pflegerischen Versorgung, die Beantragung sozialrechtlicher Leistungen, die Kl\u00e4rung der finanziellen Verh\u00e4ltnisse bis hin zur Verm\u00f6gensverwaltung, die Suche nach einer Wohnung oder einem Heimplatz sowie der Schriftwechsel mit Beh\u00f6rden. Allerdings beinhaltet die Betreuung keine sozialp\u00e4dagogische Begleitung oder Hilfe bei der Haushaltsf\u00fchrung, sondern ausschlie\u00dflich die rechtliche Wahrnehmung von Interessen des Betreuten.<\/p>\n<p>Ohne dazu befugt zu sein, darf niemand f\u00fcr andere Menschen Entscheidungen treffen. Dies ergibt sich aus dem pers\u00f6nlichen Selbstbestimmungsrecht im Grundgesetz. Ausnahmen gelten nur f\u00fcr Eltern von minderj\u00e4hrigen Kindern. Vor der gerichtlichen Anordnung einer Betreuung als \u201eUltima Ratio\u201c muss in jedem Einzelfall sorgf\u00e4ltig gepr\u00fcft werden, welche Angelegenheiten ein Betroffener noch selbst regeln kann und wo er Unterst\u00fctzung ben\u00f6tigt. Erst wenn andere Hilfsangebote ersch\u00f6pft sind oder nicht organisiert werden k\u00f6nnen, kommt eine gesetzliche Betreuung in Betracht.<br \/>\nBei jedem Betreuungsverfahren wird die Betreuungsbeh\u00f6rde eingeschaltet. Sie soll kl\u00e4ren, ob ein Betreuungsbedarf besteht, und damit die Entscheidungsfindung vor Gericht erleichtern. Zu den Kernt\u00e4tigkeiten z\u00e4hlt auch die Gewinnung, Beratung und Begleitung von geeigneten Betreuern. Die Betreuungsbeh\u00f6rde arbeitet eng mit den Betreuungsgerichten in Fulda und H\u00fcnfeld sowie den Betreuungsvereinen von Arbeiterwohlfahrt, Sozialdienst katholischer Frauen und VdK zusammen, mit denen sie ein gemeinsames Netzwerk zum Erfahrungsaustausch und in der \u00d6ffentlichkeitarbeit.<br \/>\nSeit 2013 ist die Betreuungsbeh\u00f6rde des Landkreises dem Fachdienst Soziale Leistungen der Kreisverwaltung angegliedert. Sie wird von G\u00fcnter von Keitz geleitet, der zum 1. August 2016 die Leitung des Sachgebiets \u00fcbernommen hat. Dem Team geh\u00f6ren ferner Hannelore Auth, Sonja Giebenhain, Manuela Gie\u00dfel, Renate Herche, Dorothea Oswald, Anna-Lena Reus und Sylvia Schmidt an. R\u00e4umlich befindet sich die Betreuungsbeh\u00f6rde im Kreishaus, Tel. (0661)6006-1915, E-Mail betreuungsstelle@landkreis-fulda.de. Zuvor war sie einige Jahre im Gesundheitsamt untergebracht.<\/p>\n<p>Personell wurde die Betreuungsbeh\u00f6rde deutlich aufgestockt. Dies ist zum einen dem erh\u00f6hten Beratungsaufwand durch eine Gesetzes\u00e4nderung geschuldet, wonach alternative Unterst\u00fctzungsm\u00f6glichkeiten Vorrang genie\u00dfen. Zum anderen f\u00fchrt der demografische Wandel mit einer steigenden Zahl von \u00e4lteren und allein lebenden Menschen dazu, dass immer mehr Betreuer ben\u00f6tigt werden. Dabei handelt es sich zumeist um Familienangeh\u00f6rige. Es gibt aber auch ehrenamtliche und hauptamtliche Betreuer, die nicht mit den Betroffenen verwandt sind.<\/p>\n<p>Info<br \/>\nDie drei Betreuungsvereine im Landkreis bieten verschiedene Schulungen zu betreuungsrelevanten Themen an. Die n\u00e4chste Schulung f\u00fcr ehrenamtliche Betreuer findet ab 14. Februar statt und wird vom VdK angeboten. Ausk\u00fcnfte und Anmeldung unter Telefon (0151)10219377<\/p>\n","protected":false},"excerpt":{"rendered":"<div class=\"tmnf_excerpt\"><p>F\u00fcr Erwachsene, die durch Alter, Krankheit, Behinderung oder Unfall nicht in der Lage sind, ihre rechtlichen Angelegenheiten eigenverantwortlich zu regeln, kann eine gesetzliche Betreuung erforderlich werden. 2016 war dies bei rund 3.600 Personen im Landkreis Fulda der Fall. Die gr\u00f6\u00dfte Gruppe bildeten \u00e4ltere Menschen, allerdings w\u00e4chst auch die Zahl betreuungsbed\u00fcrftiger junger Erwachsener mit psychischen Erkrankungen &hellip;<\/p>\n<\/div>","protected":false},"author":1,"featured_media":159576,"comment_status":"closed","ping_status":"closed","sticky":false,"template":"","format":"standard","meta":{"footnotes":""},"categories":[1],"tags":[],"class_list":["post-159563","post","type-post","status-publish","format-standard","has-post-thumbnail","hentry","category-startseite"],"_links":{"self":[{"href":"https:\/\/www.fuldaernachrichten.de\/index.php?rest_route=\/wp\/v2\/posts\/159563","targetHints":{"allow":["GET"]}}],"collection":[{"href":"https:\/\/www.fuldaernachrichten.de\/index.php?rest_route=\/wp\/v2\/posts"}],"about":[{"href":"https:\/\/www.fuldaernachrichten.de\/index.php?rest_route=\/wp\/v2\/types\/post"}],"author":[{"embeddable":true,"href":"https:\/\/www.fuldaernachrichten.de\/index.php?rest_route=\/wp\/v2\/users\/1"}],"replies":[{"embeddable":true,"href":"https:\/\/www.fuldaernachrichten.de\/index.php?rest_route=%2Fwp%2Fv2%2Fcomments&post=159563"}],"version-history":[{"count":1,"href":"https:\/\/www.fuldaernachrichten.de\/index.php?rest_route=\/wp\/v2\/posts\/159563\/revisions"}],"predecessor-version":[{"id":159577,"href":"https:\/\/www.fuldaernachrichten.de\/index.php?rest_route=\/wp\/v2\/posts\/159563\/revisions\/159577"}],"wp:featuredmedia":[{"embeddable":true,"href":"https:\/\/www.fuldaernachrichten.de\/index.php?rest_route=\/wp\/v2\/media\/159576"}],"wp:attachment":[{"href":"https:\/\/www.fuldaernachrichten.de\/index.php?rest_route=%2Fwp%2Fv2%2Fmedia&parent=159563"}],"wp:term":[{"taxonomy":"category","embeddable":true,"href":"https:\/\/www.fuldaernachrichten.de\/index.php?rest_route=%2Fwp%2Fv2%2Fcategories&post=159563"},{"taxonomy":"post_tag","embeddable":true,"href":"https:\/\/www.fuldaernachrichten.de\/index.php?rest_route=%2Fwp%2Fv2%2Ftags&post=159563"}],"curies":[{"name":"wp","href":"https:\/\/api.w.org\/{rel}","templated":true}]}}