{"id":159557,"date":"2017-01-29T23:21:48","date_gmt":"2017-01-29T22:21:48","guid":{"rendered":"http:\/\/www.fuldaer-nachrichten.de\/?p=159557"},"modified":"2017-01-29T23:21:48","modified_gmt":"2017-01-29T22:21:48","slug":"wir-haben-keine-angst-vor-dem-erinnern-foerderverein-nimmt-zu-hohmann-aussagen-stellung","status":"publish","type":"post","link":"https:\/\/www.fuldaernachrichten.de\/?p=159557","title":{"rendered":"\u201cWir haben keine Angst vor dem Erinnern\u00e2\u20ac\u009d &#8211;  F\u00f6rderverein nimmt zu Hohmann-Aussagen Stellung"},"content":{"rendered":"<p>\u201cDie Erinnerung an das Leben von deutschen B\u00fcrgern j\u00fcdischen Glaubens ist nicht unnormal. Sie ist Teil unserer geschichtlichen Erinnerung \u00fcberhaupt.\u201c Das betont der Vorstand des F\u00f6rdervereins Landsynagoge Heubach in einer Stellungnahme zu den Aussagen des AfD-Kreistagsabgeordneten und AfD-Bundestagskandidaten Martin Hohmann in einem Interview mit der \u201eFuldaer Zeitung\u201c. Der Verein widmet sich der Erinnerung an das Leben j\u00fcdischer Deutscher in der Region und der Erhaltung und Nutzung der ehemaligen Synagoge im Kalbacher Ortsteil Heubach als Lernort.<\/p>\n<p>Der Verein widerspricht Hohmanns Deutungsversuchen des Holocaust-Denkmals in Berlin als \u201eOrt der Schande\u201c und dessen Zustimmung zur Kritik des AfD-Frontmanns Bernd H\u00f6cke an der deutschen Erinnerungskultur mit Blick auf den Antisemitismus und die Judenvernichtung in der NS-Zeit. \u201eWir versuchen zu verstehen, wie es geschehen konnte, dass Menschen einander nicht mehr als Menschen erkannten, sondern es als normal hinnahmen, das geltende Recht in einer Weise zu \u00e4ndern, dass die Verfolgung und Ermordung von Millionen M\u00e4nnern, Frauen und Kindern rechtm\u00e4\u00dfig wurden\u201c, hei\u00dft es in dem Votum. \u201eIn unserer Mitte geschah ein Verbrechen, und wir versuchen zu erinnern, wir versuchen Mosaiksteinchen zusammenzusetzen und zu verstehen, damit ein solches Verbrechen, das solches Leid, solchen Schmerz, solche Vernichtung von Menschlichkeit hervorbrachte, sich nicht wiederholen kann. Diese Arbeit ist zutiefst menschlich. Und wir haben durch sie viel gelernt. Wir glauben nicht, dass Redeweisen, die aufs Neue Menschen von Menschen trennen, hilfreich sind, um Probleme zu l\u00f6sen &#8211; im Gegenteil.\u201c<\/p>\n<p>Es sei nicht die Furcht vor einer moralischen Keule, die die Vereinsmitglieder zu dieser Arbeit treibe, sondern die tiefe Hoffnung und manchmal bereits die Erfahrung, dass es m\u00f6glich sei, dass aus Fremden Bekannte und aus Bekannten Freunde werden. \u201eUnsere Welt wird reicher und tiefer durch Erinnerung. Wir haben keine Angst vor ihr, auch nicht vor ihren dunklen Seiten\u201c, hei\u00dft es abschlie\u00dfend in der Stellungnahme, die der Vorstand um den Vorsitzenden Hartmut Zimmermann, seine Stellvertreterin Claudia Sch\u00e4fer und die Ehrenvorsitzende Johanna Rau formuliert hat.<\/p>\n","protected":false},"excerpt":{"rendered":"<div class=\"tmnf_excerpt\"><p>\u201cDie Erinnerung an das Leben von deutschen B\u00fcrgern j\u00fcdischen Glaubens ist nicht unnormal. Sie ist Teil unserer geschichtlichen Erinnerung \u00fcberhaupt.\u201c Das betont der Vorstand des F\u00f6rdervereins Landsynagoge Heubach in einer Stellungnahme zu den Aussagen des AfD-Kreistagsabgeordneten und AfD-Bundestagskandidaten Martin Hohmann in einem Interview mit der \u201eFuldaer Zeitung\u201c. Der Verein widmet sich der Erinnerung an das &hellip;<\/p>\n<\/div>","protected":false},"author":1,"featured_media":159567,"comment_status":"closed","ping_status":"closed","sticky":false,"template":"","format":"standard","meta":{"footnotes":""},"categories":[1],"tags":[],"class_list":["post-159557","post","type-post","status-publish","format-standard","has-post-thumbnail","hentry","category-startseite"],"_links":{"self":[{"href":"https:\/\/www.fuldaernachrichten.de\/index.php?rest_route=\/wp\/v2\/posts\/159557","targetHints":{"allow":["GET"]}}],"collection":[{"href":"https:\/\/www.fuldaernachrichten.de\/index.php?rest_route=\/wp\/v2\/posts"}],"about":[{"href":"https:\/\/www.fuldaernachrichten.de\/index.php?rest_route=\/wp\/v2\/types\/post"}],"author":[{"embeddable":true,"href":"https:\/\/www.fuldaernachrichten.de\/index.php?rest_route=\/wp\/v2\/users\/1"}],"replies":[{"embeddable":true,"href":"https:\/\/www.fuldaernachrichten.de\/index.php?rest_route=%2Fwp%2Fv2%2Fcomments&post=159557"}],"version-history":[{"count":1,"href":"https:\/\/www.fuldaernachrichten.de\/index.php?rest_route=\/wp\/v2\/posts\/159557\/revisions"}],"predecessor-version":[{"id":159568,"href":"https:\/\/www.fuldaernachrichten.de\/index.php?rest_route=\/wp\/v2\/posts\/159557\/revisions\/159568"}],"wp:featuredmedia":[{"embeddable":true,"href":"https:\/\/www.fuldaernachrichten.de\/index.php?rest_route=\/wp\/v2\/media\/159567"}],"wp:attachment":[{"href":"https:\/\/www.fuldaernachrichten.de\/index.php?rest_route=%2Fwp%2Fv2%2Fmedia&parent=159557"}],"wp:term":[{"taxonomy":"category","embeddable":true,"href":"https:\/\/www.fuldaernachrichten.de\/index.php?rest_route=%2Fwp%2Fv2%2Fcategories&post=159557"},{"taxonomy":"post_tag","embeddable":true,"href":"https:\/\/www.fuldaernachrichten.de\/index.php?rest_route=%2Fwp%2Fv2%2Ftags&post=159557"}],"curies":[{"name":"wp","href":"https:\/\/api.w.org\/{rel}","templated":true}]}}