{"id":159536,"date":"2017-01-26T20:54:28","date_gmt":"2017-01-26T19:54:28","guid":{"rendered":"http:\/\/www.fuldaer-nachrichten.de\/?p=159536"},"modified":"2017-01-26T20:54:28","modified_gmt":"2017-01-26T19:54:28","slug":"elsah-evaluation-der-spezialisierten-ambulanten-palliativversorgung-sapv-am-beispiel-von-hessen","status":"publish","type":"post","link":"https:\/\/www.fuldaernachrichten.de\/?p=159536","title":{"rendered":"ELSAH-Evaluation der Spezialisierten Ambulanten Palliativversorgung (SAPV) am Beispiel von Hessen"},"content":{"rendered":"<p>Die Versorgung von unheilbar kranken Patienten am Lebensende ist eine herausfordernde Aufgabe f\u00fcr \u00c4rzte, Pflegekr\u00e4fte, Angeh\u00f6rige und andere Beteiligte. Vorrangiges Ziel ist es, Leiden zu lindern und die bestm\u00f6gliche Lebensqualit\u00e4t und Selbstbestimmung schwerstkranker Menschen bis zum Tode zu f\u00f6rdern und zu erhalten. Dies wird als \u201ePalliativversorgung\u201c bezeichnet.<br \/>\nF\u00fcr gesetzlich krankenversicherte Betroffene besteht seit 2007 eine besondere Form der Palliativversorgung in der h\u00e4uslichen oder famili\u00e4ren Umgebung, die sog. spezialisierte ambulante Palliativversorgung (SAPV). Sie wird durch einen Arzt oder eine \u00c4rztin verordnet und umfasst f\u00fcr den Betroffenen besondere \u00e4rztliche, pflegerische, psychologische und andere Leistungen sowie deren besondere Koordination. Die behandelnden Personen verf\u00fcgen \u00fcber spezifische Kenntnisse und Erfahrungen in diesem Bereich und arbeiten als Team eng zusammen. Der Gemeinsame Bundesausschuss (G-BA) hat die Verordnung in einer SAPV-Richtlinie 2007 geregelt. Um diese Leistungen anbieten zu k\u00f6nnen, schlie\u00dfen die gesetzlichen Krankenkassen mit den Einrichtungen oder Personen Vertr\u00e4ge, die die Versorgung \u00fcbernehmen. Daher sind die Strukturen der SAPV regional unterschiedlich. Im Jahr 2014 gab es in Deutschland 250 SAPV-Vertr\u00e4ge und 40.913 Erstverordnungen von SAPV. Nun wurden im Rahmen des von Bund und Krankenkassen finanzierten Innovationsfonds F\u00f6rdermittel f\u00fcr Projekte bereitgestellt, die einen \u00dcberblick dar\u00fcber verschaffen sollen, wie diese Richtlinie umgesetzt wird.<\/p>\n<p>Der Fachverband SAPV Hessen e.V. mit seinen Projektpartnern erh\u00e4lt f\u00fcr das Projekt ELSAH &#8211; Evaluation der Spezialisierten Ambulanten Palliativversorgung (SAPV) am Beispiel von Hessen &#8211; F\u00f6rdermittel in H\u00f6he von knapp 1,25\u00c2\u00a0 Mio. EUR. Ziel von ELSAH ist am Beispiel des Bundeslandes Hessen zu untersuchen, wie gut die SAPV auf der Grundlage der SAPV-Richtlinie funktioniert. Hierf\u00fcr werden Datens\u00e4tze des Fachverbandes SAPV Hessen e. V. ausgewertet. Im Rahmen der Studie wird auf wissenschaftlicher Grundlage eine standardisierte Methode entwickelt, die die Qualit\u00e4t der SAPV messen kann. Au\u00dferdem wird untersucht, inwieweit die speziellen Anforderungen und Bed\u00fcrfnisse von Kindern, Jugendlichen und jungen Erwachsenen in der SAPV ber\u00fccksichtigt werden. Die jungen Patienten, ihre Angeh\u00f6rigen und die versorgenden Personen und Einrichtungen werden hierzu in Interviews oder mit Frageb\u00f6gen befragt. Es werden auch Gespr\u00e4che mit Experten gef\u00fchrt und Fachforen mit SAPV-Teams veranstaltet.<\/p>\n<p>Im Erfolgsfall stellt das Projekt eine Methode zur Verf\u00fcgung, mit der die Qualit\u00e4t der SAPV in ganz Deutschland gemessen werden kann. F\u00fcr die SAPV-Richtlinie sollen Empfehlungen formuliert werden, wie die Belange von jungen Patienten in Abgrenzung zu Erwachsenen besonders ber\u00fccksichtigt werden<br \/>\nGeleitet wird das Projekt von Michaela Hach, Pflegefachperson Palliative-Care und Gesch\u00e4ftsf\u00fchrerin des Fachverbandes SAPV Hessen e.V. gemeinsam mit den Projektpartnern Prof. Dr. med. Ferdinand M. Gerlach und\u00c2\u00a0 Dr. rer. med. Lisa Ulrich sowie Dr. med. Antje Erler von der Johann Wolfgang Goethe-Universit\u00e4t Frankfurt, Prof. Dr. med. Stefan B\u00f6sner und Dr. rer. medic. J\u00f6rg Haasenritter von der Philipps Universit\u00e4t Marburg und Bettina Ungewickel von der Regionalmanagement Nordhessen GmbH.<\/p>\n","protected":false},"excerpt":{"rendered":"<div class=\"tmnf_excerpt\"><p>Die Versorgung von unheilbar kranken Patienten am Lebensende ist eine herausfordernde Aufgabe f\u00fcr \u00c4rzte, Pflegekr\u00e4fte, Angeh\u00f6rige und andere Beteiligte. Vorrangiges Ziel ist es, Leiden zu lindern und die bestm\u00f6gliche Lebensqualit\u00e4t und Selbstbestimmung schwerstkranker Menschen bis zum Tode zu f\u00f6rdern und zu erhalten. Dies wird als \u201ePalliativversorgung\u201c bezeichnet. F\u00fcr gesetzlich krankenversicherte Betroffene besteht seit 2007 eine &hellip;<\/p>\n<\/div>","protected":false},"author":1,"featured_media":0,"comment_status":"closed","ping_status":"closed","sticky":false,"template":"","format":"standard","meta":{"footnotes":""},"categories":[1],"tags":[],"class_list":["post-159536","post","type-post","status-publish","format-standard","hentry","category-startseite"],"_links":{"self":[{"href":"https:\/\/www.fuldaernachrichten.de\/index.php?rest_route=\/wp\/v2\/posts\/159536","targetHints":{"allow":["GET"]}}],"collection":[{"href":"https:\/\/www.fuldaernachrichten.de\/index.php?rest_route=\/wp\/v2\/posts"}],"about":[{"href":"https:\/\/www.fuldaernachrichten.de\/index.php?rest_route=\/wp\/v2\/types\/post"}],"author":[{"embeddable":true,"href":"https:\/\/www.fuldaernachrichten.de\/index.php?rest_route=\/wp\/v2\/users\/1"}],"replies":[{"embeddable":true,"href":"https:\/\/www.fuldaernachrichten.de\/index.php?rest_route=%2Fwp%2Fv2%2Fcomments&post=159536"}],"version-history":[{"count":1,"href":"https:\/\/www.fuldaernachrichten.de\/index.php?rest_route=\/wp\/v2\/posts\/159536\/revisions"}],"predecessor-version":[{"id":159543,"href":"https:\/\/www.fuldaernachrichten.de\/index.php?rest_route=\/wp\/v2\/posts\/159536\/revisions\/159543"}],"wp:attachment":[{"href":"https:\/\/www.fuldaernachrichten.de\/index.php?rest_route=%2Fwp%2Fv2%2Fmedia&parent=159536"}],"wp:term":[{"taxonomy":"category","embeddable":true,"href":"https:\/\/www.fuldaernachrichten.de\/index.php?rest_route=%2Fwp%2Fv2%2Fcategories&post=159536"},{"taxonomy":"post_tag","embeddable":true,"href":"https:\/\/www.fuldaernachrichten.de\/index.php?rest_route=%2Fwp%2Fv2%2Ftags&post=159536"}],"curies":[{"name":"wp","href":"https:\/\/api.w.org\/{rel}","templated":true}]}}