{"id":159504,"date":"2017-01-26T20:43:57","date_gmt":"2017-01-26T19:43:57","guid":{"rendered":"http:\/\/www.fuldaer-nachrichten.de\/?p=159504"},"modified":"2017-01-26T20:43:57","modified_gmt":"2017-01-26T19:43:57","slug":"klinikum-fulda-beim-%e2%80%a8osthessischen-gesundheitstag-wir-haben-richtig-viel-zu-bieten","status":"publish","type":"post","link":"https:\/\/www.fuldaernachrichten.de\/?p=159504","title":{"rendered":"Klinikum Fulda beim \u00e2\u20ac\u00a8Osthessischen Gesundheitstag: \u201eWir haben richtig viel zu bieten\u201c"},"content":{"rendered":"<p><a href=\"http:\/\/www.fuldaer-nachrichten.de\/wp-content\/uploads\/2017\/01\/Klinikum-Fulda_Eingang.jpg\"><img decoding=\"async\" class=\"alignleft size-thumbnail wp-image-159514\" src=\"http:\/\/www.fuldaer-nachrichten.de\/wp-content\/uploads\/2017\/01\/Klinikum-Fulda_Eingang-265x176.jpg\" alt=\"\" width=\"265\" height=\"176\" srcset=\"https:\/\/www.fuldaernachrichten.de\/wp-content\/uploads\/2017\/01\/Klinikum-Fulda_Eingang-265x176.jpg 265w, https:\/\/www.fuldaernachrichten.de\/wp-content\/uploads\/2017\/01\/Klinikum-Fulda_Eingang-768x510.jpg 768w, https:\/\/www.fuldaernachrichten.de\/wp-content\/uploads\/2017\/01\/Klinikum-Fulda_Eingang-600x399.jpg 600w, https:\/\/www.fuldaernachrichten.de\/wp-content\/uploads\/2017\/01\/Klinikum-Fulda_Eingang.jpg 900w\" sizes=\"(max-width: 265px) 100vw, 265px\" \/><\/a>Das Klinikum Fulda \u2013 das Krankenhaus der Spitzenmedizin in Osthessen \u2013 ist beim\u00c2\u00a0 Osthessischen Gesundheitstag mit einem attraktiven Programm und zahlreichen Aktionen wirklich gut vertreten. Am 4. Februar 2017, von 10.00 bis 18.00 Uhr im Esperanto, stellen sich die Experten verschiedener Fachdisziplinen Ihren Fragen und bieten am Stand des Klinikums (Stand 41) ganzt\u00e4gige Aktionen, Beratung und Informationen aus erster Hand rund um das Thema Gesundheit. \u201eWir laden sie herzlich ein, unseren Stand zu besuchen. Wir freuen uns auf den Gesundheitstag und auf die Fortsetzung der guten Zusammenarbeit mit den niedergelassenen \u00c4rztinnen und \u00c4rzten der Region\u201c, so Priv.-Doz. Dr. Thomas Menzel, Sprecher des Vorstandes des Klinikums.<\/p>\n<p>Das zertifizierte Adipositaszentrum informiert \u00fcber operative und nicht-operative Behandlungsm\u00f6glichkeiten bei krankhaftem \u00dcbergewicht und Diabetes mellitus Typ 2. Die Experten geben einen Einblick in die M\u00f6glichkeiten der plastischen rekonstruktiven Chirurgie. Das Team des Herz-Thorax-Zentrums bietet Informationen rund um Herz-, Lungen- und Gef\u00e4\u00dferkrankungen. Gezeigt werden minimal-invasives Operieren am Modell, Herzschrittmacher sowie Herzklappen- und Stent-Modelle. Es werden\u00c2\u00a0 Einblicke in die Elektrophysiologie (Herzrhythmus) geboten und das Anwenden von Inhalierhilfen dargestellt. Das Kopf- und Sch\u00e4delbasis-Zentrum zeigt mittels Ultraschall die Messung der Hirndurchblutung. Die Experten demonstrieren die navigierte Wirbels\u00e4ulen-\u00c2\u00a0 und Sch\u00e4delchirurgie mit praktischen \u00dcbungen, zeigen OP-Videos, Mikroskop, Endoskop und vieles mehr. Die \u00c4rzte des zertifizierten EndoprothetikZentrums informieren \u00fcber die Arthrose des Knie- und H\u00fcftgelenkes, stellen verschiedene k\u00fcnstliche H\u00fcft- und Kniegelenke vor und pr\u00e4sentieren die M\u00f6glichkeiten der modernen Endoprothetik. Die Experten der Frauenklinik stehen von 12.00 Uhr bis 14.00 Uhr f\u00fcr individuelle Fragen zur Verf\u00fcgung. Die Besucher haben ebenso ganzt\u00e4gig die M\u00f6glichkeit, sich neben einer Blutdruckmessung und der Blutzucker- sowie Cholesterinmessung auch den Body-Ma\u00df-Index bestimmen zu lassen. Zudem stellt sich das Medizinische Versorgungszentrum Osthessen mit seinem umfangreichen Leistungsspektrum vor.<\/p>\n<p>Vortr\u00e4ge<br \/>\nNeben den Aktionen am Messestand bieten Experten des Klinikums Vortr\u00e4ge zu verschiedenen Themen an: Um 10.00 Uhr sprechen Priv.-Doz. Dr. Thomas Hawighorst (Direktor der Frauenklinik) und Prof. Dr. Heinz-Gerd H\u00f6ffkes (Direktor der Tumorklinik)\u00c2\u00a0 im Saal 2 \u00fcber das Thema \u201eWie \u00dcbergewicht und famili\u00e4re Genver\u00e4nderungen das Risiko f\u00fcr Brustkrebs erh\u00f6hen\u201c. Prof. Dr. Peter Kern (Direktor der Medizinischen Klinik IV, Rheumatologie, Immunologie, Osteologie) pr\u00e4sentiert um 13.45 Uhr im Saal 2 das Thema \u201eRheuma erkennen und schnell handeln. Vorstellung des Rheumanetz Osthessen\u201c. Der Leiter der Abteilung Elektrophysiologie der Medizinischen Klinik I (Kardiologie) am Herz-Thorax-Zentrum, Dr. Joachim Krug, stellt um 14.30 Uhr \u201eModerne Verfahren zur Behandlung von Herzrhythmusst\u00f6rungen\u201c im Saal 1 vor. Der \u201eBehandlung des krankhaften \u00dcbergewichtes: Was gibt es Neues?\u201c widmen sich der Leiter des Adipositaszentrums der Klinik f\u00fcr Allgemeine- und Viszeralchirurgie, Dr. Michael Frenken, und der Direktor der Apotheke, des Patienten-Beratungs-Zentrums sowie des Ern\u00e4hrungszentrums, Prof. Dr. Roland Radziwill, um 16.45 Uhr im Saal 2. Ebenfalls um 16.45 Uhr stellt sich Prof. Dr. Horst J\u00fcrgen Feldmann im Saal 1 der Frage \u201eQuo vadis Radioonkologie 2020 am Klinikum Fulda\u201c.<\/p>\n","protected":false},"excerpt":{"rendered":"<div class=\"tmnf_excerpt\"><p>Das Klinikum Fulda \u2013 das Krankenhaus der Spitzenmedizin in Osthessen \u2013 ist beim\u00c2\u00a0 Osthessischen Gesundheitstag mit einem attraktiven Programm und zahlreichen Aktionen wirklich gut vertreten. Am 4. Februar 2017, von 10.00 bis 18.00 Uhr im Esperanto, stellen sich die Experten verschiedener Fachdisziplinen Ihren Fragen und bieten am Stand des Klinikums (Stand 41) ganzt\u00e4gige Aktionen, Beratung &hellip;<\/p>\n<\/div>","protected":false},"author":1,"featured_media":159513,"comment_status":"closed","ping_status":"closed","sticky":false,"template":"","format":"standard","meta":{"footnotes":""},"categories":[1],"tags":[],"class_list":["post-159504","post","type-post","status-publish","format-standard","has-post-thumbnail","hentry","category-startseite"],"_links":{"self":[{"href":"https:\/\/www.fuldaernachrichten.de\/index.php?rest_route=\/wp\/v2\/posts\/159504","targetHints":{"allow":["GET"]}}],"collection":[{"href":"https:\/\/www.fuldaernachrichten.de\/index.php?rest_route=\/wp\/v2\/posts"}],"about":[{"href":"https:\/\/www.fuldaernachrichten.de\/index.php?rest_route=\/wp\/v2\/types\/post"}],"author":[{"embeddable":true,"href":"https:\/\/www.fuldaernachrichten.de\/index.php?rest_route=\/wp\/v2\/users\/1"}],"replies":[{"embeddable":true,"href":"https:\/\/www.fuldaernachrichten.de\/index.php?rest_route=%2Fwp%2Fv2%2Fcomments&post=159504"}],"version-history":[{"count":1,"href":"https:\/\/www.fuldaernachrichten.de\/index.php?rest_route=\/wp\/v2\/posts\/159504\/revisions"}],"predecessor-version":[{"id":159515,"href":"https:\/\/www.fuldaernachrichten.de\/index.php?rest_route=\/wp\/v2\/posts\/159504\/revisions\/159515"}],"wp:featuredmedia":[{"embeddable":true,"href":"https:\/\/www.fuldaernachrichten.de\/index.php?rest_route=\/wp\/v2\/media\/159513"}],"wp:attachment":[{"href":"https:\/\/www.fuldaernachrichten.de\/index.php?rest_route=%2Fwp%2Fv2%2Fmedia&parent=159504"}],"wp:term":[{"taxonomy":"category","embeddable":true,"href":"https:\/\/www.fuldaernachrichten.de\/index.php?rest_route=%2Fwp%2Fv2%2Fcategories&post=159504"},{"taxonomy":"post_tag","embeddable":true,"href":"https:\/\/www.fuldaernachrichten.de\/index.php?rest_route=%2Fwp%2Fv2%2Ftags&post=159504"}],"curies":[{"name":"wp","href":"https:\/\/api.w.org\/{rel}","templated":true}]}}