{"id":159490,"date":"2017-01-25T21:12:04","date_gmt":"2017-01-25T20:12:04","guid":{"rendered":"http:\/\/www.fuldaer-nachrichten.de\/?p=159490"},"modified":"2017-01-25T21:12:04","modified_gmt":"2017-01-25T20:12:04","slug":"buergerliste-moechte-details-zur-umsiedlung-der-brecheranlage-nach-eichenzell","status":"publish","type":"post","link":"https:\/\/www.fuldaernachrichten.de\/?p=159490","title":{"rendered":"B\u00fcrgerliste m\u00f6chte Details zur Umsiedlung der Brecheranlage nach Eichenzell"},"content":{"rendered":"<p>Die B\u00fcrgerliste Eichenzell m\u00f6chte \u00fcber eine Anfrage an den Gemeindevorstand Details zur geplanten Umsiedlung der Fa. Weider von Welkers nach Eichenzell bekommen. Diese Anfrage wurde schon Anfang Januar gestellt, weit bevor viele der in den letzten Tagen bekannt gewordenen Informationen vorlagen.<\/p>\n<p>Dazu betont Gerhard Dehler, Fraktionsvorsitzender der B\u00fcrgerliste Eichenzell: \u201eSeit einiger Zeit werden die an den Gemeindevorstand gestellten Anfragen nicht mehr auf der Tagesordnung ausgewiesen, daher bleibt nur die M\u00f6glichkeit die B\u00fcrger mittels der Presse \u00fcber die gestellten Anfragen zu informieren. Aufgrund der vielen neuen Informationen kann sich die B\u00fcrgerliste nicht vorstellen, der geplanten Umsiedlung zuzustimmen. Dies w\u00e4re eine Missachtung der vielen ablehnenden Stimmen aus der Bev\u00f6lkerung. Es muss ein besserer Ort gefunden werden als im Oberfeld neben Dehner, hoch \u00fcber 3 D\u00f6rfern und in Sichtweite von 6.000 Einwohnern. Auch die Erweiterung in Welkers kann ich mir nicht vorstellen.\u201c<\/p>\n<p>Im Detail m\u00f6chte die B\u00fcrgerliste folgende Fragen beantwortet haben:<br \/>\n\u201eIn Zusammenhang mit der Genehmigung der bestehenden Brecheranlage bitten wir um chronologisch aufgelistete Information, ob, wann und in welcher Form der Gemeindevorstand oder die Verwaltung in der Vergangenheit in die Genehmigung der Brecheranlage involviert war, welche Stellungnahmen (Bef\u00fcrwortung oder Ablehnung) und welche Begr\u00fcndungen von Seiten der Verwaltung und\/oder des Gemeindevorstandes jeweils abgegeben wurden.\u201c<\/p>\n<p>Laut B\u00fcrgerliste ist vielen Mitb\u00fcrgern \u00fcberhaupt nicht bekannt, dass in L\u00f6schenrod in unmittelbarer N\u00e4he zum Dehner Gartencenter ein Industriegebiet ausgewiesen werden soll, in dem eine Brecheranlage mit nicht unerheblichen Emissionen geplant ist. Diese Anlage steht heute im Industriegebiet Welkers. Die geplante Erweiterung ist f\u00fcr die B\u00fcrgerliste an beiden Standorten nicht vorstellbar. Weiter m\u00f6chte die B\u00fcrgerliste folgende Fragen vom Gemeindevorstand beantwortet haben:<\/p>\n<ul>\n<li>Welche \u201est\u00e4dtebaulichen Spannungen\u201c gab es genau, von denen im Entwurf des Bebauungsplans gesprochen wird?<\/li>\n<li>Gab es Beschwerden in Welkers?<\/li>\n<li>Gab es Stellungnahmen\/Beschwerden vom Ortsbeirat Welkers an die Gemeinde?<\/li>\n<li>Ist dem Gemeindevorstand bekannt, dass sich der Ortsbeirat Eichenzell im Zuge der Aufstellung des neuen Fl\u00e4chennutzungsplanes f\u00fcr die Ausweisung eines Baugebietes in der Erweiterung zum \u201eSchwarzen Rain\u201c ausgesprochen hat?<\/li>\n<li>Wenn ja, wie sieht der Gemeindevorstand die Auswirkungen der Ausweisung eines Industriegebietes mit erheblichen Emissionsbelastungen in unmittelbarer N\u00e4he?<\/li>\n<\/ul>\n<p>Wichtig ist, dass vor der wahrscheinlichen Entscheidung am 23. M\u00e4rz 2017 den Beteiligten alle Fakten vor liegen.\u201c, so Dehler abschlie\u00dfend.<\/p>\n","protected":false},"excerpt":{"rendered":"<div class=\"tmnf_excerpt\"><p>Die B\u00fcrgerliste Eichenzell m\u00f6chte \u00fcber eine Anfrage an den Gemeindevorstand Details zur geplanten Umsiedlung der Fa. Weider von Welkers nach Eichenzell bekommen. Diese Anfrage wurde schon Anfang Januar gestellt, weit bevor viele der in den letzten Tagen bekannt gewordenen Informationen vorlagen. Dazu betont Gerhard Dehler, Fraktionsvorsitzender der B\u00fcrgerliste Eichenzell: \u201eSeit einiger Zeit werden die an &hellip;<\/p>\n<\/div>","protected":false},"author":1,"featured_media":0,"comment_status":"closed","ping_status":"closed","sticky":false,"template":"","format":"standard","meta":{"footnotes":""},"categories":[1],"tags":[],"class_list":["post-159490","post","type-post","status-publish","format-standard","hentry","category-startseite"],"_links":{"self":[{"href":"https:\/\/www.fuldaernachrichten.de\/index.php?rest_route=\/wp\/v2\/posts\/159490","targetHints":{"allow":["GET"]}}],"collection":[{"href":"https:\/\/www.fuldaernachrichten.de\/index.php?rest_route=\/wp\/v2\/posts"}],"about":[{"href":"https:\/\/www.fuldaernachrichten.de\/index.php?rest_route=\/wp\/v2\/types\/post"}],"author":[{"embeddable":true,"href":"https:\/\/www.fuldaernachrichten.de\/index.php?rest_route=\/wp\/v2\/users\/1"}],"replies":[{"embeddable":true,"href":"https:\/\/www.fuldaernachrichten.de\/index.php?rest_route=%2Fwp%2Fv2%2Fcomments&post=159490"}],"version-history":[{"count":1,"href":"https:\/\/www.fuldaernachrichten.de\/index.php?rest_route=\/wp\/v2\/posts\/159490\/revisions"}],"predecessor-version":[{"id":159496,"href":"https:\/\/www.fuldaernachrichten.de\/index.php?rest_route=\/wp\/v2\/posts\/159490\/revisions\/159496"}],"wp:attachment":[{"href":"https:\/\/www.fuldaernachrichten.de\/index.php?rest_route=%2Fwp%2Fv2%2Fmedia&parent=159490"}],"wp:term":[{"taxonomy":"category","embeddable":true,"href":"https:\/\/www.fuldaernachrichten.de\/index.php?rest_route=%2Fwp%2Fv2%2Fcategories&post=159490"},{"taxonomy":"post_tag","embeddable":true,"href":"https:\/\/www.fuldaernachrichten.de\/index.php?rest_route=%2Fwp%2Fv2%2Ftags&post=159490"}],"curies":[{"name":"wp","href":"https:\/\/api.w.org\/{rel}","templated":true}]}}