{"id":15949,"date":"2008-12-09T08:12:04","date_gmt":"2008-12-09T07:12:04","guid":{"rendered":"http:\/\/www.schoene-nachrichten.de\/?p=15949"},"modified":"2008-12-09T10:36:39","modified_gmt":"2008-12-09T09:36:39","slug":"menschen-im-ehrenamt-als-ansprechpartner-und-vermittler","status":"publish","type":"post","link":"https:\/\/www.fuldaernachrichten.de\/?p=15949","title":{"rendered":"Menschen im Ehrenamt als Ansprechpartner und Vermittler"},"content":{"rendered":"<p><a title=\"Foto: Max Colin Heydenreich\" rel=\"lightbox[roadtrip]\" href=\"http:\/\/www.schoene-nachrichten.de\/wp-content\/uploads\/2008\/12\/081209_Card_019.jpg\" target=\"_blank\"><img decoding=\"async\" src=\"http:\/\/www.schoene-nachrichten.de\/wp-content\/uploads\/2008\/12\/081209_Card_019.jpg\" alt=\"081209_Card_019.jpg\" width=\"560\" \/><\/a><br \/>\n<strong><br \/>\nFulda. <\/strong>Die Stunden, die ehrenamtlich t\u00e4tige Personen ihren Mitmenschen schenken, sind ungez\u00e4hlt und unbezahlbar. Dass sie aber keinesfalls unbemerkt bleiben, unterstrichen Landkreis und Stadt Fulda am \u201eTag des Ehrenamtes\u201c. Diesen nahmen Erster Kreisbeigeordnete Dr. Heiko Wingenfeld und Oberb\u00fcrgermeister Gerhard M\u00f6ller zum Anlass, um insgesamt achtundzwanzig ehrenamtlich t\u00e4tigen Personen aus dem Landkreis und der Stadt Ful-da die Ehrenamts-Card als Zeichen der Wertsch\u00e4tzung ihrer Arbeit zu \u00fcberreichen.<\/p>\n<p><strong>Fotos (21):<\/strong> Max Colin Heydenreich<\/p>\n<p><a title=\"Foto: Max Colin Heydenreich\" rel=\"lightbox[roadtrip]\" href=\"http:\/\/www.schoene-nachrichten.de\/wp-content\/uploads\/2008\/12\/081209_Card_018.jpg\" target=\"_blank\"><img decoding=\"async\" src=\"http:\/\/www.schoene-nachrichten.de\/wp-content\/uploads\/2008\/12\/081209_Card_018.thumbnail.jpg\" alt=\"081209_Card_018.jpg\" width=\"265\" \/><\/a> <a title=\"Foto: Max Colin Heydenreich\" rel=\"lightbox[roadtrip]\" href=\"http:\/\/www.schoene-nachrichten.de\/wp-content\/uploads\/2008\/12\/081209_Card_012.jpg\" target=\"_blank\"><img decoding=\"async\" src=\"http:\/\/www.schoene-nachrichten.de\/wp-content\/uploads\/2008\/12\/081209_Card_012.thumbnail.jpg\" alt=\"081209_Card_012.jpg\" width=\"265\" \/><\/a><\/p>\n<p><!--more--><\/p>\n<p>Dass das Ehrenamt \u201ewichtig f\u00fcr alle\u201c ist, betonte Erster Kreisbeigeordneter Dr. Wingenfeld und bedankte sich daf\u00fcr, dass diejenigen, die sich ehrenamtlich engagierten, bereit seien, Zeit zu investieren, die der \u00f6ffentlichen Hand oftmals fehle. Menschen im Ehrenamt seien im t\u00e4glichen Miteinander wichtige Ansprechpartner und Vermittler. Die Ehrenamts-Card stelle lediglich ein \u201ekleines Zeichen der Anerkennung\u201c dar. Auch Oberb\u00fcrgermeister Gerhard M\u00f6l-ler bezeichnete das Ehrenamt als \u201ewichtiges Thema f\u00fcr die Regionalpolitik\u201c, das den Aktiven viel abverlange. M\u00f6ller bedankte sich f\u00fcr die \u00dcbernahme dieser \u201esehr schwierigen, sehr anspruchsvollen T\u00e4tigkeit, die auch mit den pers\u00f6nlichen Ressourcen vereinbart werden muss.\u201c<\/p>\n<p><a title=\"Foto: Max Colin Heydenreich\" rel=\"lightbox[roadtrip]\" href=\"http:\/\/www.schoene-nachrichten.de\/wp-content\/uploads\/2008\/12\/081209_Card_001.jpg\" target=\"_blank\"><img decoding=\"async\" src=\"http:\/\/www.schoene-nachrichten.de\/wp-content\/uploads\/2008\/12\/081209_Card_001.thumbnail.jpg\" alt=\"081209_Card_001.jpg\" width=\"265\" \/><\/a> <a title=\"Foto: Max Colin Heydenreich\" rel=\"lightbox[roadtrip]\" href=\"http:\/\/www.schoene-nachrichten.de\/wp-content\/uploads\/2008\/12\/081209_Card_002.jpg\" target=\"_blank\"><img decoding=\"async\" src=\"http:\/\/www.schoene-nachrichten.de\/wp-content\/uploads\/2008\/12\/081209_Card_002.thumbnail.jpg\" alt=\"081209_Card_002.jpg\" width=\"265\" \/><\/a><\/p>\n<p>Dass es vielf\u00e4ltigste M\u00f6glichkeiten gibt, sich ehrenamtlich zu engagieren, bewiesen die unterschiedlichsten T\u00e4tigkeitsfelder der ausgezeichneten Personen. Vom Einsatz in der Telefonseelsorge \u00fcber die aktive Mitarbeit in der Feuerwehr bis hin zu Hospiz- und Besuchsdiensten reichte das Spektrum der freiwilligen Arbeit im Dienst der Anderen. Und auch in Bereichen, an die im ersten Moment nur wenige denken, ist das Ehrenamt von besonderer Bedeutung. So wurde die Ehrenamts-Card unter anderem zwei Personen \u00fcberreicht, die seit Jahren als Sch\u00fclerlotsen daf\u00fcr Sorge tragen, dass Grundschulkinder ihren Schulweg ohne Gefahren zur\u00fccklegen k\u00f6nnen.<\/p>\n<p><a title=\"Foto: Max Colin Heydenreich\" rel=\"lightbox[roadtrip]\" href=\"http:\/\/www.schoene-nachrichten.de\/wp-content\/uploads\/2008\/12\/081209_Card_003.jpg\" target=\"_blank\"><img decoding=\"async\" src=\"http:\/\/www.schoene-nachrichten.de\/wp-content\/uploads\/2008\/12\/081209_Card_003.thumbnail.jpg\" alt=\"081209_Card_003.jpg\" width=\"265\" \/><\/a> <a title=\"Foto: Max Colin Heydenreich\" rel=\"lightbox[roadtrip]\" href=\"http:\/\/www.schoene-nachrichten.de\/wp-content\/uploads\/2008\/12\/081209_Card_004.jpg\" target=\"_blank\"><img decoding=\"async\" src=\"http:\/\/www.schoene-nachrichten.de\/wp-content\/uploads\/2008\/12\/081209_Card_004.thumbnail.jpg\" alt=\"081209_Card_004.jpg\" width=\"265\" \/><\/a><\/p>\n<p>Unter den Empf\u00e4ngern der Ehrenamts-Card war auch Marion Atzert, die f\u00fcr ihr vielf\u00e4ltiges ehrenamtliches Engagement bereits im M\u00e4rz diesen Jahres mit dem Bundesverdienstkreuz ausgezeichnet worden war. Jetzt konnte sie, wie siebenundzwanzig weitere Menschen, die im Dienste ihrer N\u00e4chsten t\u00e4tig sind, als regionale Auszeichnung die Ehrenamts-Card in Empfang nehmen.<\/p>\n<p><a title=\"Foto: Max Colin Heydenreich\" rel=\"lightbox[roadtrip]\" href=\"http:\/\/www.schoene-nachrichten.de\/wp-content\/uploads\/2008\/12\/081209_Card_005.jpg\" target=\"_blank\"><img decoding=\"async\" src=\"http:\/\/www.schoene-nachrichten.de\/wp-content\/uploads\/2008\/12\/081209_Card_005.thumbnail.jpg\" alt=\"081209_Card_005.jpg\" width=\"265\" \/><\/a> <a title=\"Foto: Max Colin Heydenreich\" rel=\"lightbox[roadtrip]\" href=\"http:\/\/www.schoene-nachrichten.de\/wp-content\/uploads\/2008\/12\/081209_Card_006.jpg\" target=\"_blank\"><img decoding=\"async\" src=\"http:\/\/www.schoene-nachrichten.de\/wp-content\/uploads\/2008\/12\/081209_Card_006.thumbnail.jpg\" alt=\"081209_Card_006.jpg\" width=\"265\" \/><\/a><\/p>\n<p>Mit der Ehrenamts-Card erhalten die Inhaber hessenweit unterschiedlichste Verg\u00fcnstigungen, die Dank und Anerkennung f\u00fcr ihr gesellschaftliches Engagement ausdr\u00fccken sollen. Viele Einzelhandelsgesch\u00e4fte sowie private und \u00f6ffentliche Einrichtungen beteiligen sich an der Aktion und gew\u00e4hren den Inhabern der Karte Sonderkonditionen.<\/p>\n<p><a title=\"Foto: Max Colin Heydenreich\" rel=\"lightbox[roadtrip]\" href=\"http:\/\/www.schoene-nachrichten.de\/wp-content\/uploads\/2008\/12\/081209_Card_007.jpg\" target=\"_blank\"><img decoding=\"async\" src=\"http:\/\/www.schoene-nachrichten.de\/wp-content\/uploads\/2008\/12\/081209_Card_007.thumbnail.jpg\" alt=\"081209_Card_007.jpg\" width=\"265\" \/><\/a> <a title=\"Foto: Max Colin Heydenreich\" rel=\"lightbox[roadtrip]\" href=\"http:\/\/www.schoene-nachrichten.de\/wp-content\/uploads\/2008\/12\/081209_Card_008.jpg\" target=\"_blank\"><img decoding=\"async\" src=\"http:\/\/www.schoene-nachrichten.de\/wp-content\/uploads\/2008\/12\/081209_Card_008.thumbnail.jpg\" alt=\"081209_Card_008.jpg\" width=\"265\" \/><\/a><\/p>\n<p>Die Ehrenamts-Card kann an alle Menschen verliehen werden, die sich seit drei oder mehr Jahren f\u00fcr mindestens f\u00fcnf Stunden w\u00f6chentlich im Ehrenamt engagieren und bereits vollj\u00e4hrig sind. Auch Landkreis und Stadt Fulda wollen damit die zentrale Stellung deutlich machen, die das Ehrenamt innerhalb der Gesellschaft einnimmt. Verbunden mit dem Dank f\u00fcr die oftmals jahrzehntelange Arbeit im Dienste der Anderen sind die Hoffnung und der Wunsch, \u201edass Sie sich noch lange engagieren\u201c, wie der Erste Kreisbeigeordnete den Menschen im Ehrenamt mit auf den Weg gab.<\/p>\n<p><a title=\"Foto: Max Colin Heydenreich\" rel=\"lightbox[roadtrip]\" href=\"http:\/\/www.schoene-nachrichten.de\/wp-content\/uploads\/2008\/12\/081209_Card_009.jpg\" target=\"_blank\"><img decoding=\"async\" src=\"http:\/\/www.schoene-nachrichten.de\/wp-content\/uploads\/2008\/12\/081209_Card_009.thumbnail.jpg\" alt=\"081209_Card_009.jpg\" width=\"265\" \/><\/a> <a title=\"Foto: Max Colin Heydenreich\" rel=\"lightbox[roadtrip]\" href=\"http:\/\/www.schoene-nachrichten.de\/wp-content\/uploads\/2008\/12\/081209_Card_010.jpg\" target=\"_blank\"><img decoding=\"async\" src=\"http:\/\/www.schoene-nachrichten.de\/wp-content\/uploads\/2008\/12\/081209_Card_010.thumbnail.jpg\" alt=\"081209_Card_010.jpg\" width=\"265\" \/><\/a><\/p>\n<p>Mit der Ehrenamts-Card wurden die nachfolgenden Personen aus dem Landkreis Fulda ausgezeichnet: Uli Hagemann, Christel Hagemann, Michael Weber, Dirk Strehlow, R\u00fcdiger G\u00e4dtke, Doris Krah, Sylvia Kress-Mahr, Winfried Henkel, Christian Maul, David Bug, Mathias Becker, Joachim Walter, Rainer Jest\u00e4dt, Michael Jest\u00e4dt, Uwe Walter, Erwin Reith, Rainer Gutberlet, Thomas Stupp, Michael Kr\u00f6ning, Ramona Sitzmann, Walter Glotzbach und Sarah Spiegel. Aus dem Bereich der Stadt Fulda waren es: Irmgard Herget, Helmut M\u00fcller, Inge-burg Hirsch, Helmut Hirsch, Marion Atzert und Dolores Mattern.<\/p>\n<p><a title=\"Foto: Max Colin Heydenreich\" rel=\"lightbox[roadtrip]\" href=\"http:\/\/www.schoene-nachrichten.de\/wp-content\/uploads\/2008\/12\/081209_Card_011.jpg\" target=\"_blank\"><img decoding=\"async\" src=\"http:\/\/www.schoene-nachrichten.de\/wp-content\/uploads\/2008\/12\/081209_Card_011.thumbnail.jpg\" alt=\"081209_Card_011.jpg\" width=\"265\" \/><\/a> <a title=\"Foto: Max Colin Heydenreich\" rel=\"lightbox[roadtrip]\" href=\"http:\/\/www.schoene-nachrichten.de\/wp-content\/uploads\/2008\/12\/081209_Card_017.jpg\" target=\"_blank\"><img decoding=\"async\" src=\"http:\/\/www.schoene-nachrichten.de\/wp-content\/uploads\/2008\/12\/081209_Card_017.thumbnail.jpg\" alt=\"081209_Card_017.jpg\" width=\"265\" \/><\/a><\/p>\n<p><a title=\"Foto: Max Colin Heydenreich\" rel=\"lightbox[roadtrip]\" href=\"http:\/\/www.schoene-nachrichten.de\/wp-content\/uploads\/2008\/12\/081209_Card_013.jpg\" target=\"_blank\"><img decoding=\"async\" src=\"http:\/\/www.schoene-nachrichten.de\/wp-content\/uploads\/2008\/12\/081209_Card_013.thumbnail.jpg\" alt=\"081209_Card_013.jpg\" width=\"265\" \/><\/a> <a title=\"Foto: Max Colin Heydenreich\" rel=\"lightbox[roadtrip]\" href=\"http:\/\/www.schoene-nachrichten.de\/wp-content\/uploads\/2008\/12\/081209_Card_014.jpg\" target=\"_blank\"><img decoding=\"async\" src=\"http:\/\/www.schoene-nachrichten.de\/wp-content\/uploads\/2008\/12\/081209_Card_014.thumbnail.jpg\" alt=\"081209_Card_014.jpg\" width=\"265\" \/><\/a><\/p>\n<p><a title=\"Foto: Max Colin Heydenreich\" rel=\"lightbox[roadtrip]\" href=\"http:\/\/www.schoene-nachrichten.de\/wp-content\/uploads\/2008\/12\/081209_Card_015.jpg\" target=\"_blank\"><img decoding=\"async\" src=\"http:\/\/www.schoene-nachrichten.de\/wp-content\/uploads\/2008\/12\/081209_Card_015.thumbnail.jpg\" alt=\"081209_Card_015.jpg\" width=\"265\" \/><\/a> <a title=\"Foto: Max Colin Heydenreich\" rel=\"lightbox[roadtrip]\" href=\"http:\/\/www.schoene-nachrichten.de\/wp-content\/uploads\/2008\/12\/081209_Card_016.jpg\" target=\"_blank\"> <img decoding=\"async\" src=\"http:\/\/www.schoene-nachrichten.de\/wp-content\/uploads\/2008\/12\/081209_Card_016.thumbnail.jpg\" alt=\"081209_Card_016.jpg\" width=\"265\" \/><\/a><\/p>\n<p><a title=\"Foto: Max Colin Heydenreich\" rel=\"lightbox[roadtrip]\" href=\"http:\/\/www.schoene-nachrichten.de\/wp-content\/uploads\/2008\/12\/081209_Card_020.jpg\" target=\"_blank\"> <img decoding=\"async\" src=\"http:\/\/www.schoene-nachrichten.de\/wp-content\/uploads\/2008\/12\/081209_Card_020.thumbnail.jpg\" alt=\"081209_Card_020.jpg\" width=\"265\" \/><\/a> <a title=\"Foto: Max Colin Heydenreich\" rel=\"lightbox[roadtrip]\" href=\"http:\/\/www.schoene-nachrichten.de\/wp-content\/uploads\/2008\/12\/081209_Card_021.jpg\" target=\"_blank\"><img decoding=\"async\" src=\"http:\/\/www.schoene-nachrichten.de\/wp-content\/uploads\/2008\/12\/081209_Card_021.thumbnail.jpg\" alt=\"081209_Card_021.jpg\" width=\"265\" \/> <\/a><\/p>\n","protected":false},"excerpt":{"rendered":"<div class=\"tmnf_excerpt\"><p>Fulda. Die Stunden, die ehrenamtlich t\u00e4tige Personen ihren Mitmenschen schenken, sind ungez\u00e4hlt und unbezahlbar. Dass sie aber keinesfalls unbemerkt bleiben, unterstrichen Landkreis und Stadt Fulda am \u201eTag des Ehrenamtes\u201c. Diesen nahmen Erster Kreisbeigeordnete Dr. Heiko Wingenfeld und Oberb\u00fcrgermeister Gerhard M\u00f6ller zum Anlass, um insgesamt achtundzwanzig ehrenamtlich t\u00e4tigen Personen aus dem Landkreis und der Stadt Ful-da &hellip;<\/p>\n<\/div>","protected":false},"author":1,"featured_media":0,"comment_status":"closed","ping_status":"closed","sticky":false,"template":"","format":"standard","meta":{"footnotes":""},"categories":[1,54,29,78],"tags":[],"class_list":["post-15949","post","type-post","status-publish","format-standard","hentry","category-startseite","category-bildergalerien","category-politik","category-topthema"],"_links":{"self":[{"href":"https:\/\/www.fuldaernachrichten.de\/index.php?rest_route=\/wp\/v2\/posts\/15949","targetHints":{"allow":["GET"]}}],"collection":[{"href":"https:\/\/www.fuldaernachrichten.de\/index.php?rest_route=\/wp\/v2\/posts"}],"about":[{"href":"https:\/\/www.fuldaernachrichten.de\/index.php?rest_route=\/wp\/v2\/types\/post"}],"author":[{"embeddable":true,"href":"https:\/\/www.fuldaernachrichten.de\/index.php?rest_route=\/wp\/v2\/users\/1"}],"replies":[{"embeddable":true,"href":"https:\/\/www.fuldaernachrichten.de\/index.php?rest_route=%2Fwp%2Fv2%2Fcomments&post=15949"}],"version-history":[{"count":10,"href":"https:\/\/www.fuldaernachrichten.de\/index.php?rest_route=\/wp\/v2\/posts\/15949\/revisions"}],"predecessor-version":[{"id":15967,"href":"https:\/\/www.fuldaernachrichten.de\/index.php?rest_route=\/wp\/v2\/posts\/15949\/revisions\/15967"}],"wp:attachment":[{"href":"https:\/\/www.fuldaernachrichten.de\/index.php?rest_route=%2Fwp%2Fv2%2Fmedia&parent=15949"}],"wp:term":[{"taxonomy":"category","embeddable":true,"href":"https:\/\/www.fuldaernachrichten.de\/index.php?rest_route=%2Fwp%2Fv2%2Fcategories&post=15949"},{"taxonomy":"post_tag","embeddable":true,"href":"https:\/\/www.fuldaernachrichten.de\/index.php?rest_route=%2Fwp%2Fv2%2Ftags&post=15949"}],"curies":[{"name":"wp","href":"https:\/\/api.w.org\/{rel}","templated":true}]}}