{"id":159488,"date":"2017-01-25T21:11:18","date_gmt":"2017-01-25T20:11:18","guid":{"rendered":"http:\/\/www.fuldaer-nachrichten.de\/?p=159488"},"modified":"2017-01-25T21:11:18","modified_gmt":"2017-01-25T20:11:18","slug":"tegut-und-biohof-waas-holen-den-2-platz-beim-regional-star-in-der-kategorie-innovation","status":"publish","type":"post","link":"https:\/\/www.fuldaernachrichten.de\/?p=159488","title":{"rendered":"tegut\u00e2\u20ac\u00a6 und Biohof Waas holen den 2. Platz beim Regional-Star in der Kategorie Innovation"},"content":{"rendered":"<p>Das gemeinsame Engagement f\u00fcr Bio-S\u00fc\u00dfkartoffeln aus Bayern ist einzigartig und wurde nun in Berlin mit dem 2. Platz beim deutschen Regionalpreis der Lebensmittel Praxis und Internationale Gr\u00fcne Woche gew\u00fcrdigt. \u00dcberzeugt hat die Jury am 24. Januar, dass neben der St\u00e4rkung der regionalen Wertsch\u00f6pfung auch die Fruchtfolge durch die bessere Auslastung der Felder aufgelockert wird.<\/p>\n<p>Verbraucher stehen auf S\u00fc\u00dfkartoffeln \u2013 Auf Bio und regional noch mehr<br \/>\nS\u00fc\u00dfkartoffeln liegen im Trend. Bio-S\u00fc\u00dfkartoffeln aus Bayern sind hingegen ein Novum: \u201eBis Oktober 2015 konnten wir unseren Kunden auch nur Importware meist aus Italien bieten\u201c, wei\u00df Andr\u00e9 Wagner. Der Eink\u00e4ufer f\u00fcr Obst und Gem\u00fcse bei tegut\u00e2\u20ac\u00a6 ist stolz, dass nun ab Sp\u00e4tsommer die beliebten Knollen aus S\u00fcddeutschland kommen k\u00f6nnen: \u201eDer Anbau in Deutschland ist nat\u00fcrlich auch abh\u00e4ngig von der Witterung, aber dort ist es warm genug\u201c.<\/p>\n<p>Neues Angebot von Erfolg gekr\u00f6nt<br \/>\n2016 konnten bereits f\u00fcnf Tonnen verkauft werden. Landwirt Rudolf Waas experimentiert mit seiner Frau Monika auch 2017 mit verschiedenen Sorten: \u201eDas Ziel in diesem Jahr ist es, rund acht Wochen lang erntefrische S\u00fc\u00dfkartoffeln liefern zu k\u00f6nnen. Wir wollen gemeinsam anderen Landwirten Mut machen, neue Wege zu gehen und sich auf die eigenen St\u00e4rken zu besinnen\u201c. Laut Eink\u00e4ufer Wagner unterst\u00fctzt tegut\u00e2\u20ac\u00a6 diese Forschungsarbeit mit festen Abnahmemengen und Vertragsanbau: \u201eSo k\u00f6nnen wir von H\u00e4ndlerseite den Landwirten Sicherheit geben und den Kunden noch mehr regionale Produkte bieten\u201c.<\/p>\n","protected":false},"excerpt":{"rendered":"<div class=\"tmnf_excerpt\"><p>Das gemeinsame Engagement f\u00fcr Bio-S\u00fc\u00dfkartoffeln aus Bayern ist einzigartig und wurde nun in Berlin mit dem 2. Platz beim deutschen Regionalpreis der Lebensmittel Praxis und Internationale Gr\u00fcne Woche gew\u00fcrdigt. \u00dcberzeugt hat die Jury am 24. Januar, dass neben der St\u00e4rkung der regionalen Wertsch\u00f6pfung auch die Fruchtfolge durch die bessere Auslastung der Felder aufgelockert wird. Verbraucher &hellip;<\/p>\n<\/div>","protected":false},"author":1,"featured_media":0,"comment_status":"closed","ping_status":"closed","sticky":false,"template":"","format":"standard","meta":{"footnotes":""},"categories":[1],"tags":[],"class_list":["post-159488","post","type-post","status-publish","format-standard","hentry","category-startseite"],"_links":{"self":[{"href":"https:\/\/www.fuldaernachrichten.de\/index.php?rest_route=\/wp\/v2\/posts\/159488","targetHints":{"allow":["GET"]}}],"collection":[{"href":"https:\/\/www.fuldaernachrichten.de\/index.php?rest_route=\/wp\/v2\/posts"}],"about":[{"href":"https:\/\/www.fuldaernachrichten.de\/index.php?rest_route=\/wp\/v2\/types\/post"}],"author":[{"embeddable":true,"href":"https:\/\/www.fuldaernachrichten.de\/index.php?rest_route=\/wp\/v2\/users\/1"}],"replies":[{"embeddable":true,"href":"https:\/\/www.fuldaernachrichten.de\/index.php?rest_route=%2Fwp%2Fv2%2Fcomments&post=159488"}],"version-history":[{"count":1,"href":"https:\/\/www.fuldaernachrichten.de\/index.php?rest_route=\/wp\/v2\/posts\/159488\/revisions"}],"predecessor-version":[{"id":159494,"href":"https:\/\/www.fuldaernachrichten.de\/index.php?rest_route=\/wp\/v2\/posts\/159488\/revisions\/159494"}],"wp:attachment":[{"href":"https:\/\/www.fuldaernachrichten.de\/index.php?rest_route=%2Fwp%2Fv2%2Fmedia&parent=159488"}],"wp:term":[{"taxonomy":"category","embeddable":true,"href":"https:\/\/www.fuldaernachrichten.de\/index.php?rest_route=%2Fwp%2Fv2%2Fcategories&post=159488"},{"taxonomy":"post_tag","embeddable":true,"href":"https:\/\/www.fuldaernachrichten.de\/index.php?rest_route=%2Fwp%2Fv2%2Ftags&post=159488"}],"curies":[{"name":"wp","href":"https:\/\/api.w.org\/{rel}","templated":true}]}}