{"id":159483,"date":"2017-01-25T21:09:44","date_gmt":"2017-01-25T20:09:44","guid":{"rendered":"http:\/\/www.fuldaer-nachrichten.de\/?p=159483"},"modified":"2017-01-25T21:09:44","modified_gmt":"2017-01-25T20:09:44","slug":"informationen-zu-freiwilligendiensten-7","status":"publish","type":"post","link":"https:\/\/www.fuldaernachrichten.de\/?p=159483","title":{"rendered":"Informationen zu Freiwilligendiensten"},"content":{"rendered":"<p>Die Agentur f\u00fcr Arbeit Fulda bietet allen interessierten Jugendlichen am Donnerstag, 2. Februar, eine Informationsveranstaltung zum Thema Freiwilligendienste an. Besonders in der Zeit zwischen Schulausbildung und dem Einstieg in einen neuen Ausbildungsabschnitt bieten sich f\u00fcr junge Leute vielf\u00e4ltige M\u00f6glichkeiten in einem Freiwilligendienst Erfahrungen zu sammeln. Eine p\u00e4dagogische Beraterin von VOLUNTA \u2013 Partner des Deutschen Roten Kreuzes (DRK), informiert \u00fcber das Freiwillige Soziale Jahr, das Freiwillige \u00d6kologische Jahr und den Bundesfreiwilligendienst sowie die sofortigen Einstiegsm\u00f6glichkeiten. Die Veranstaltung findet am 2. Februar von 16.00 bis 17.30 Uhr im Berufsinformationszentrum der Fuldaer Arbeitsagentur (Eingang Gambettagasse) statt.<\/p>\n","protected":false},"excerpt":{"rendered":"<div class=\"tmnf_excerpt\"><p>Die Agentur f\u00fcr Arbeit Fulda bietet allen interessierten Jugendlichen am Donnerstag, 2. Februar, eine Informationsveranstaltung zum Thema Freiwilligendienste an. Besonders in der Zeit zwischen Schulausbildung und dem Einstieg in einen neuen Ausbildungsabschnitt bieten sich f\u00fcr junge Leute vielf\u00e4ltige M\u00f6glichkeiten in einem Freiwilligendienst Erfahrungen zu sammeln. Eine p\u00e4dagogische Beraterin von VOLUNTA \u2013 Partner des Deutschen Roten &hellip;<\/p>\n<\/div>","protected":false},"author":1,"featured_media":0,"comment_status":"closed","ping_status":"closed","sticky":false,"template":"","format":"standard","meta":{"footnotes":""},"categories":[1],"tags":[],"class_list":["post-159483","post","type-post","status-publish","format-standard","hentry","category-startseite"],"_links":{"self":[{"href":"https:\/\/www.fuldaernachrichten.de\/index.php?rest_route=\/wp\/v2\/posts\/159483","targetHints":{"allow":["GET"]}}],"collection":[{"href":"https:\/\/www.fuldaernachrichten.de\/index.php?rest_route=\/wp\/v2\/posts"}],"about":[{"href":"https:\/\/www.fuldaernachrichten.de\/index.php?rest_route=\/wp\/v2\/types\/post"}],"author":[{"embeddable":true,"href":"https:\/\/www.fuldaernachrichten.de\/index.php?rest_route=\/wp\/v2\/users\/1"}],"replies":[{"embeddable":true,"href":"https:\/\/www.fuldaernachrichten.de\/index.php?rest_route=%2Fwp%2Fv2%2Fcomments&post=159483"}],"version-history":[{"count":1,"href":"https:\/\/www.fuldaernachrichten.de\/index.php?rest_route=\/wp\/v2\/posts\/159483\/revisions"}],"predecessor-version":[{"id":159486,"href":"https:\/\/www.fuldaernachrichten.de\/index.php?rest_route=\/wp\/v2\/posts\/159483\/revisions\/159486"}],"wp:attachment":[{"href":"https:\/\/www.fuldaernachrichten.de\/index.php?rest_route=%2Fwp%2Fv2%2Fmedia&parent=159483"}],"wp:term":[{"taxonomy":"category","embeddable":true,"href":"https:\/\/www.fuldaernachrichten.de\/index.php?rest_route=%2Fwp%2Fv2%2Fcategories&post=159483"},{"taxonomy":"post_tag","embeddable":true,"href":"https:\/\/www.fuldaernachrichten.de\/index.php?rest_route=%2Fwp%2Fv2%2Ftags&post=159483"}],"curies":[{"name":"wp","href":"https:\/\/api.w.org\/{rel}","templated":true}]}}