{"id":159442,"date":"2017-01-24T19:51:13","date_gmt":"2017-01-24T18:51:13","guid":{"rendered":"http:\/\/www.fuldaer-nachrichten.de\/?p=159442"},"modified":"2017-01-24T19:51:13","modified_gmt":"2017-01-24T18:51:13","slug":"workshop-ausgewogene-ernaehrung-im-kleinkindalter","status":"publish","type":"post","link":"https:\/\/www.fuldaernachrichten.de\/?p=159442","title":{"rendered":"Workshop \u201eAusgewogene Ern\u00e4hrung im Kleinkindalter\u201c"},"content":{"rendered":"<p>Was Kinder am liebsten essen, ist nicht immer das, was auch am besten f\u00fcr ihre Entwicklung ist. Das Wissen \u00fcber das richtige Was, Wie und Wann einer ausgewogenen Kinderern\u00e4hrung ist in Kitas und der Kindertagespflege ein wichtiges Thema. Ab wann k\u00f6nnen Kinder alles essen? Brauchen sie spezielle Kinderprodukte? Das sind nur einige Fragen, die im Fokus des Workshops \u201eAusgewogene Ern\u00e4hrung im Kleinkindalter\u201c stehen. Die Veranstaltung ist f\u00fcr Fachkr\u00e4fte in der Kinderbetreuung und Interessierte offen. Sie findet am 08. Februar 2017 von 9.00 bis 15.00 Uhr im Beratungszentrum der Verbraucherzentrale Hessen, Gro\u00dfe Friedberger Str. 13-17, in Frankfurt statt. Die Teilnahme ist kostenfrei. Eine Anmeldung ist \u00fcber ernaehrung@verbraucher.de oder 069 \u2013 97 20 10 49 erforderlich.<\/p>\n<p>Der Hessische Gesundheitsminister Stefan Gr\u00fcttner lobte die Workshops als \u201ewichtigen Beitrag, um sowohl Erwachsenen und damit in der Folge auch den Kindern vorzuleben, wie wichtig gesunde Ern\u00e4hrung\u201c sei. \u201eBei der Ern\u00e4hrung k\u00f6nnen \u2013 wie in vielen anderen Bereichen auch &#8211; die Weichen gar nicht fr\u00fch genug gestellt werden\u201c, betonte Gr\u00fcttner.<\/p>\n<p>Ein Ziel des Hessischen Bildungs- und Erziehungsplans (BEP) sind starke, gesunde Kinder. Eine gesundheitsf\u00f6rdernde Ern\u00e4hrung spielt hierbei eine gro\u00dfe Rolle. Doch was brauchen die Kleinen t\u00e4glich, um k\u00f6rperlich und geistig fit zu sein? Die Lebensmittelhersteller bieten ein un\u00fcberschaubares Angebot an Kinderprodukten an. Vieles ist \u00fcberfl\u00fcssig oder unsinnig und zudem teuer wie Babykekse, Kindermilch f\u00fcr Zwei- und Dreij\u00e4hrige oder Obstmus aus dem Quetschbeutel.<\/p>\n<p>Neben den Grundlagen einer ausgewogenen Kinderern\u00e4hrung liefern Informationen zum Umgang mit Lebensmittelunvertr\u00e4glichkeiten und Essgewohnheiten in anderen Kulturen die Grundlage f\u00fcr die Auswahl gesunder Mahlzeiten. Daneben zeigt der Workshop \u201eAusgewogene Ern\u00e4hrung im Kleinkindalter\u201c Betreuungskr\u00e4ften wie sie geschickt mit Naschkatzen und Gem\u00fcsemuffeln umgehen.<\/p>\n<p>Durch den Tag f\u00fchren die Referentinnen Eva-Maria Maier, Multiplikatorin des BEP, und Bettina Meints-Korinth, Ern\u00e4hrungsfachkraft der Verbraucherzentrale Hessen. Die Veranstaltung vertieft die Inhalte des Fachtags \u201eBildungsort Esstisch\u201c ist aber auch unabh\u00e4ngig von der Teilnahme am Fachtag f\u00fcr alle Fachkr\u00e4fte in der Kinderbetreuung und Interessierte offen. Sie wird mit Mitteln des Hessischen Ministeriums f\u00fcr Soziales und Integration gef\u00f6rdert.<\/p>\n<p>Als weiteres Vertiefungsmodul f\u00fcr die Teilnehmenden des Fachtags \u201eBildungsort Esstisch\u201c und Interessierte folgt am 21. M\u00e4rz 2017 der Workshop \u201e\u00e2\u20ac\u02dcEssen mit allen Sinnen\u00e2\u20ac\u02dc und mehr\u00e2\u20ac\u00a6\u201c im Beratungszentrum der Verbraucherzentrale in Frankfurt.<\/p>\n<p>\u00dcber die Verbraucherzentrale Hessen:<br \/>\nDie Verbraucherzentrale Hessen ist eine anbieterunabh\u00e4ngige, \u00fcberwiegend \u00f6ffentlich finanzierte, gemeinn\u00fctzige Organisation. Seit 1959 informiert, ber\u00e4t und unterst\u00fctzt sie Verbraucher in Fragen des privaten Konsums. Ihre Sensorfunktion nutzt sie, um Verbraucherinteressen gegen\u00fcber Unternehmen, Politik und Verb\u00e4nden zu vertreten. Themenschwerpunkte sind Verbraucherrecht, Telefon und Internet, Finanzen und Versicherungen, Bauen, Wohnen, Energie sowie Lebensmittel und Ern\u00e4hrung. In acht Beratungsstellen und gut 50 Energiest\u00fctzpunkten bietet sie pers\u00f6nliche Beratung an. Beratung ist auch telefonisch oder per Mail m\u00f6glich. www.verbraucher.de.<\/p>\n<p>Erg\u00e4nzende Informationen f\u00fcr Verbraucher:<br \/>\n\u00c2\u00b7\u00c2\u00a0\u00c2\u00a0\u00c2\u00a0\u00c2\u00a0\u00c2\u00a0\u00c2\u00a0\u00c2\u00a0\u00c2\u00a0 Die Ratgeber \u201eB\u00e4renstarke Kinderkost \u2013 einfach, schnell und lecker\u201c und \u201eMit Kindern essen \u2013 Gemeinsam genie\u00dfen in der Familienk\u00fcche\u201c gibt es in allen Beratungsstellen der Verbraucherzentrale Hessen f\u00fcr jeweils 12,90 \u00e2\u201a\u00ac. Bestellungen f\u00fcr zus\u00e4tzlich 2,50 \u00e2\u201a\u00ac unter ratgeber@vz-nrw.de oder Telefon (0211) 38 09 &#8211; 555.<br \/>\n\u00c2\u00b7\u00c2\u00a0\u00c2\u00a0\u00c2\u00a0\u00c2\u00a0\u00c2\u00a0\u00c2\u00a0\u00c2\u00a0\u00c2\u00a0 Telefonische Beratung der Verbraucherzentrale Hessen zu Lebensmitteln und Ern\u00e4hrung dienstags 10 -14 Uhr unter 0900 1 972012.<br \/>\n0,90 \u00e2\u201a\u00ac pro Minute aus dem deutschen Festnetz; Mobilfunkpreise k\u00f6nnen abweichen.<br \/>\n\u00c2\u00b7\u00c2\u00a0\u00c2\u00a0\u00c2\u00a0\u00c2\u00a0\u00c2\u00a0\u00c2\u00a0\u00c2\u00a0\u00c2\u00a0 Hessenweites Servicetelefon (069) 972010-900. Informationen \u00fcber die Beratungs- und Seminarangebote sowie die \u00d6ffnungszeiten der Beratungsstellen der Verbraucherzentrale Hessen; Terminvereinbarung m\u00f6glich. Keine Beratung!<\/p>\n","protected":false},"excerpt":{"rendered":"<div class=\"tmnf_excerpt\"><p>Was Kinder am liebsten essen, ist nicht immer das, was auch am besten f\u00fcr ihre Entwicklung ist. Das Wissen \u00fcber das richtige Was, Wie und Wann einer ausgewogenen Kinderern\u00e4hrung ist in Kitas und der Kindertagespflege ein wichtiges Thema. Ab wann k\u00f6nnen Kinder alles essen? Brauchen sie spezielle Kinderprodukte? Das sind nur einige Fragen, die im &hellip;<\/p>\n<\/div>","protected":false},"author":1,"featured_media":0,"comment_status":"closed","ping_status":"closed","sticky":false,"template":"","format":"standard","meta":{"footnotes":""},"categories":[1],"tags":[],"class_list":["post-159442","post","type-post","status-publish","format-standard","hentry","category-startseite"],"_links":{"self":[{"href":"https:\/\/www.fuldaernachrichten.de\/index.php?rest_route=\/wp\/v2\/posts\/159442","targetHints":{"allow":["GET"]}}],"collection":[{"href":"https:\/\/www.fuldaernachrichten.de\/index.php?rest_route=\/wp\/v2\/posts"}],"about":[{"href":"https:\/\/www.fuldaernachrichten.de\/index.php?rest_route=\/wp\/v2\/types\/post"}],"author":[{"embeddable":true,"href":"https:\/\/www.fuldaernachrichten.de\/index.php?rest_route=\/wp\/v2\/users\/1"}],"replies":[{"embeddable":true,"href":"https:\/\/www.fuldaernachrichten.de\/index.php?rest_route=%2Fwp%2Fv2%2Fcomments&post=159442"}],"version-history":[{"count":1,"href":"https:\/\/www.fuldaernachrichten.de\/index.php?rest_route=\/wp\/v2\/posts\/159442\/revisions"}],"predecessor-version":[{"id":159452,"href":"https:\/\/www.fuldaernachrichten.de\/index.php?rest_route=\/wp\/v2\/posts\/159442\/revisions\/159452"}],"wp:attachment":[{"href":"https:\/\/www.fuldaernachrichten.de\/index.php?rest_route=%2Fwp%2Fv2%2Fmedia&parent=159442"}],"wp:term":[{"taxonomy":"category","embeddable":true,"href":"https:\/\/www.fuldaernachrichten.de\/index.php?rest_route=%2Fwp%2Fv2%2Fcategories&post=159442"},{"taxonomy":"post_tag","embeddable":true,"href":"https:\/\/www.fuldaernachrichten.de\/index.php?rest_route=%2Fwp%2Fv2%2Ftags&post=159442"}],"curies":[{"name":"wp","href":"https:\/\/api.w.org\/{rel}","templated":true}]}}