{"id":159415,"date":"2017-01-23T22:26:56","date_gmt":"2017-01-23T21:26:56","guid":{"rendered":"http:\/\/www.fuldaer-nachrichten.de\/?p=159415"},"modified":"2017-01-23T22:26:56","modified_gmt":"2017-01-23T21:26:56","slug":"internationale-fortbildungsveranstaltung-%e2%80%a8am-klinikum-fulda-operationskurs-fuer-endonasale-chirurgie-der-nase-und-der-nasennebenhoehlen","status":"publish","type":"post","link":"https:\/\/www.fuldaernachrichten.de\/?p=159415","title":{"rendered":"Internationale Fortbildungsveranstaltung \u00e2\u20ac\u00a8am Klinikum  Fulda: Operationskurs f\u00fcr endonasale Chirurgie der Nase und der Nasennebenh\u00f6hlen"},"content":{"rendered":"<p>Zum 32. Mal veranstaltet die\u00c2\u00a0 Klinik f\u00fcr Hals-Nasen-Ohrenkrankheiten, Kopf-, Hals- und Plastische Gesichtschirurgie, Kommunikationsst\u00f6rungen vom 25. &#8211; 27. Januar 2017 den Operationskurs f\u00fcr endonasale Chirurgie der Nase und der Nasennebenh\u00f6hlen.<\/p>\n<p>Unter der Leitung von Prof. Dr. Konrad Schwager, dem Direktor der HNO-Klinik, wird die\u00c2\u00a0\u00c2\u00a0 langj\u00e4hrige Tradition der Fuldaer HNO-Klinik auf dem Gebiet der Nasen- und Nasennebenh\u00f6hlenchirurgie mit Mikroskop und Endoskop durch das Nasenloch -ohne \u00e4u\u00dfere Schnittf\u00fchrung &#8211; einem nationalen und internationalen Publikum weitervermittelt.<\/p>\n<p>Im Mittelpunkt stehen sichere Basistechniken f\u00fcr die Probleme entz\u00fcndlicher Nasennebenh\u00f6hlenerkrankungen. Aber auch die Begegnung von Komplikationen w\u00e4hrend der Operation und die Behandlung au\u00dfergew\u00f6hnlicher Befunde sind wichtige Themen. Die seit vielen Jahren bestehende Verbindung zur Grazer Schule, die wesentlich die Nasennebenh\u00f6hlenchirurgie mitgepr\u00e4gt hat, soll auch wie bisher im Rahmen des Kurses vertieft werden. Die Kursteilnehmer k\u00f6nnen via Live-\u00dcbertragung aus dem Operationssaal die Eingriffe unmittelbar miterleben. Die Vielzahl klinisch-wissenschaftlicher Vortr\u00e4ge anerkannter in- und ausl\u00e4ndischer Referenten wird erg\u00e4nzt durch die begleitenden anatomischen Pr\u00e4parationen.<br \/>\nDie Teilnehmer werden auch das barocke Fulda kennenlernen. Neben einer F\u00fchrung durch die historischen R\u00e4ume des Stadtschloss ist ein festlicher Abend im Apollosaal der Orangerie geplant.<\/p>\n","protected":false},"excerpt":{"rendered":"<div class=\"tmnf_excerpt\"><p>Zum 32. Mal veranstaltet die\u00c2\u00a0 Klinik f\u00fcr Hals-Nasen-Ohrenkrankheiten, Kopf-, Hals- und Plastische Gesichtschirurgie, Kommunikationsst\u00f6rungen vom 25. &#8211; 27. Januar 2017 den Operationskurs f\u00fcr endonasale Chirurgie der Nase und der Nasennebenh\u00f6hlen. Unter der Leitung von Prof. Dr. Konrad Schwager, dem Direktor der HNO-Klinik, wird die\u00c2\u00a0\u00c2\u00a0 langj\u00e4hrige Tradition der Fuldaer HNO-Klinik auf dem Gebiet der Nasen- und &hellip;<\/p>\n<\/div>","protected":false},"author":1,"featured_media":0,"comment_status":"closed","ping_status":"closed","sticky":false,"template":"","format":"standard","meta":{"footnotes":""},"categories":[1],"tags":[],"class_list":["post-159415","post","type-post","status-publish","format-standard","hentry","category-startseite"],"_links":{"self":[{"href":"https:\/\/www.fuldaernachrichten.de\/index.php?rest_route=\/wp\/v2\/posts\/159415","targetHints":{"allow":["GET"]}}],"collection":[{"href":"https:\/\/www.fuldaernachrichten.de\/index.php?rest_route=\/wp\/v2\/posts"}],"about":[{"href":"https:\/\/www.fuldaernachrichten.de\/index.php?rest_route=\/wp\/v2\/types\/post"}],"author":[{"embeddable":true,"href":"https:\/\/www.fuldaernachrichten.de\/index.php?rest_route=\/wp\/v2\/users\/1"}],"replies":[{"embeddable":true,"href":"https:\/\/www.fuldaernachrichten.de\/index.php?rest_route=%2Fwp%2Fv2%2Fcomments&post=159415"}],"version-history":[{"count":1,"href":"https:\/\/www.fuldaernachrichten.de\/index.php?rest_route=\/wp\/v2\/posts\/159415\/revisions"}],"predecessor-version":[{"id":159421,"href":"https:\/\/www.fuldaernachrichten.de\/index.php?rest_route=\/wp\/v2\/posts\/159415\/revisions\/159421"}],"wp:attachment":[{"href":"https:\/\/www.fuldaernachrichten.de\/index.php?rest_route=%2Fwp%2Fv2%2Fmedia&parent=159415"}],"wp:term":[{"taxonomy":"category","embeddable":true,"href":"https:\/\/www.fuldaernachrichten.de\/index.php?rest_route=%2Fwp%2Fv2%2Fcategories&post=159415"},{"taxonomy":"post_tag","embeddable":true,"href":"https:\/\/www.fuldaernachrichten.de\/index.php?rest_route=%2Fwp%2Fv2%2Ftags&post=159415"}],"curies":[{"name":"wp","href":"https:\/\/api.w.org\/{rel}","templated":true}]}}