{"id":159412,"date":"2017-01-23T22:27:08","date_gmt":"2017-01-23T21:27:08","guid":{"rendered":"http:\/\/www.fuldaer-nachrichten.de\/?p=159412"},"modified":"2017-01-23T22:27:08","modified_gmt":"2017-01-23T21:27:08","slug":"schlossgartenweiher-zum-schlittschuhlaufen-freigegeben","status":"publish","type":"post","link":"https:\/\/www.fuldaernachrichten.de\/?p=159412","title":{"rendered":"Schlossgartenweiher zum Schlittschuhlaufen freigegeben!"},"content":{"rendered":"<p>Die Sicherheit der B\u00fcrgerinnen und B\u00fcrger geht vor, doch jetzt ist es endlich soweit: Die heutige Eisst\u00e4rkenmessung am Weiher im Schlossgarten hat eine durchg\u00e4ngige Dicke von mindestens 15 Zentimetern ergeben. Die Verbots-Schilder werden zugeh\u00e4ngt, die Eisfl\u00e4che steht ab 14:00 Uhr zum Schlittschuhlaufen zur Verf\u00fcgung.<\/p>\n<p>Bereits Ende der vergangenen Woche hat das Betriebsamt der Stadt Fulda die sich abzeichnende Freigabe vorbereitet, indem zus\u00e4tzliche M\u00fclltonnen aufgestellt, Trittstufen am Holzdeck eingebaut und Gummimatten auf dem Holzdeck ausgelegt und befestigt wurden.<\/p>\n<p>Bitte beachten Sie: Die Eisfl\u00e4che wird t\u00e4glich kontrolliert. Sobald es w\u00e4rmer wird\/taut, muss die Eisfl\u00e4che aus Sicherheitsgr\u00fcnden wieder gesperrt werden.<\/p>\n","protected":false},"excerpt":{"rendered":"<div class=\"tmnf_excerpt\"><p>Die Sicherheit der B\u00fcrgerinnen und B\u00fcrger geht vor, doch jetzt ist es endlich soweit: Die heutige Eisst\u00e4rkenmessung am Weiher im Schlossgarten hat eine durchg\u00e4ngige Dicke von mindestens 15 Zentimetern ergeben. Die Verbots-Schilder werden zugeh\u00e4ngt, die Eisfl\u00e4che steht ab 14:00 Uhr zum Schlittschuhlaufen zur Verf\u00fcgung. Bereits Ende der vergangenen Woche hat das Betriebsamt der Stadt Fulda &hellip;<\/p>\n<\/div>","protected":false},"author":1,"featured_media":159419,"comment_status":"closed","ping_status":"closed","sticky":false,"template":"","format":"standard","meta":{"footnotes":""},"categories":[1],"tags":[],"class_list":["post-159412","post","type-post","status-publish","format-standard","has-post-thumbnail","hentry","category-startseite"],"_links":{"self":[{"href":"https:\/\/www.fuldaernachrichten.de\/index.php?rest_route=\/wp\/v2\/posts\/159412","targetHints":{"allow":["GET"]}}],"collection":[{"href":"https:\/\/www.fuldaernachrichten.de\/index.php?rest_route=\/wp\/v2\/posts"}],"about":[{"href":"https:\/\/www.fuldaernachrichten.de\/index.php?rest_route=\/wp\/v2\/types\/post"}],"author":[{"embeddable":true,"href":"https:\/\/www.fuldaernachrichten.de\/index.php?rest_route=\/wp\/v2\/users\/1"}],"replies":[{"embeddable":true,"href":"https:\/\/www.fuldaernachrichten.de\/index.php?rest_route=%2Fwp%2Fv2%2Fcomments&post=159412"}],"version-history":[{"count":1,"href":"https:\/\/www.fuldaernachrichten.de\/index.php?rest_route=\/wp\/v2\/posts\/159412\/revisions"}],"predecessor-version":[{"id":159422,"href":"https:\/\/www.fuldaernachrichten.de\/index.php?rest_route=\/wp\/v2\/posts\/159412\/revisions\/159422"}],"wp:featuredmedia":[{"embeddable":true,"href":"https:\/\/www.fuldaernachrichten.de\/index.php?rest_route=\/wp\/v2\/media\/159419"}],"wp:attachment":[{"href":"https:\/\/www.fuldaernachrichten.de\/index.php?rest_route=%2Fwp%2Fv2%2Fmedia&parent=159412"}],"wp:term":[{"taxonomy":"category","embeddable":true,"href":"https:\/\/www.fuldaernachrichten.de\/index.php?rest_route=%2Fwp%2Fv2%2Fcategories&post=159412"},{"taxonomy":"post_tag","embeddable":true,"href":"https:\/\/www.fuldaernachrichten.de\/index.php?rest_route=%2Fwp%2Fv2%2Ftags&post=159412"}],"curies":[{"name":"wp","href":"https:\/\/api.w.org\/{rel}","templated":true}]}}