{"id":159397,"date":"2017-01-23T22:18:33","date_gmt":"2017-01-23T21:18:33","guid":{"rendered":"http:\/\/www.fuldaer-nachrichten.de\/?p=159397"},"modified":"2017-01-23T22:18:54","modified_gmt":"2017-01-23T21:18:54","slug":"der-chor-gib-uns-deine-stimme-herztoene-in-motzlar-und-tann","status":"publish","type":"post","link":"https:\/\/www.fuldaernachrichten.de\/?p=159397","title":{"rendered":"Der Chor \u2013 Gib uns Deine Stimme! \u201eHerzt\u00f6ne\u201c in Motzlar und Tann"},"content":{"rendered":"<p>\u00dcber 80 Personen aus Tann sowie der n\u00e4heren und auch weiteren Umgebung sind der Einladung von \u201eDer Chor\u201c gefolgt und nehmen seit dem 9. Januar am Chorprojekt \u201eHerzt\u00f6ne\u201c teil.<\/p>\n<p>In drei intensiven Proben haben die S\u00e4ngerinnen und S\u00e4nger ein Programm erarbeitet, mit dem sie am kommenden Wochenende unter Leitung von Kantor Thomas N\u00fcdling zwei Gottesdienste gestalten:<br \/>\n&#8211; Samstag, 28. Januar, 17 Uhr: katholischer Gottesdienst in der St. Valentinus-Kirche Motzlar mit Pfarrer Bela Horvath.<br \/>\n&#8211; Sonntag, 29. Januar, 10 Uhr: evangelischer Gottesdienst in der Niklaskirche Tann mit Pfarrerin Heike Dietrich.<\/p>\n<p>Zu Geh\u00f6r kommen Balladen, Psalmen, Kanons und neues geistliches Liedgut, die die dem Herzen innewohnende Sehnsucht und Lebendigkeit zur klangvollen Herzensfreude werden zu lassen und damit mitten ins Herz treffen.<\/p>\n","protected":false},"excerpt":{"rendered":"<div class=\"tmnf_excerpt\"><p>\u00dcber 80 Personen aus Tann sowie der n\u00e4heren und auch weiteren Umgebung sind der Einladung von \u201eDer Chor\u201c gefolgt und nehmen seit dem 9. Januar am Chorprojekt \u201eHerzt\u00f6ne\u201c teil. In drei intensiven Proben haben die S\u00e4ngerinnen und S\u00e4nger ein Programm erarbeitet, mit dem sie am kommenden Wochenende unter Leitung von Kantor Thomas N\u00fcdling zwei Gottesdienste &hellip;<\/p>\n<\/div>","protected":false},"author":1,"featured_media":159399,"comment_status":"closed","ping_status":"closed","sticky":false,"template":"","format":"standard","meta":{"footnotes":""},"categories":[1],"tags":[],"class_list":["post-159397","post","type-post","status-publish","format-standard","has-post-thumbnail","hentry","category-startseite"],"_links":{"self":[{"href":"https:\/\/www.fuldaernachrichten.de\/index.php?rest_route=\/wp\/v2\/posts\/159397","targetHints":{"allow":["GET"]}}],"collection":[{"href":"https:\/\/www.fuldaernachrichten.de\/index.php?rest_route=\/wp\/v2\/posts"}],"about":[{"href":"https:\/\/www.fuldaernachrichten.de\/index.php?rest_route=\/wp\/v2\/types\/post"}],"author":[{"embeddable":true,"href":"https:\/\/www.fuldaernachrichten.de\/index.php?rest_route=\/wp\/v2\/users\/1"}],"replies":[{"embeddable":true,"href":"https:\/\/www.fuldaernachrichten.de\/index.php?rest_route=%2Fwp%2Fv2%2Fcomments&post=159397"}],"version-history":[{"count":1,"href":"https:\/\/www.fuldaernachrichten.de\/index.php?rest_route=\/wp\/v2\/posts\/159397\/revisions"}],"predecessor-version":[{"id":159398,"href":"https:\/\/www.fuldaernachrichten.de\/index.php?rest_route=\/wp\/v2\/posts\/159397\/revisions\/159398"}],"wp:featuredmedia":[{"embeddable":true,"href":"https:\/\/www.fuldaernachrichten.de\/index.php?rest_route=\/wp\/v2\/media\/159399"}],"wp:attachment":[{"href":"https:\/\/www.fuldaernachrichten.de\/index.php?rest_route=%2Fwp%2Fv2%2Fmedia&parent=159397"}],"wp:term":[{"taxonomy":"category","embeddable":true,"href":"https:\/\/www.fuldaernachrichten.de\/index.php?rest_route=%2Fwp%2Fv2%2Fcategories&post=159397"},{"taxonomy":"post_tag","embeddable":true,"href":"https:\/\/www.fuldaernachrichten.de\/index.php?rest_route=%2Fwp%2Fv2%2Ftags&post=159397"}],"curies":[{"name":"wp","href":"https:\/\/api.w.org\/{rel}","templated":true}]}}