{"id":159395,"date":"2017-01-23T22:17:43","date_gmt":"2017-01-23T21:17:43","guid":{"rendered":"http:\/\/www.fuldaer-nachrichten.de\/?p=159395"},"modified":"2017-01-23T22:17:43","modified_gmt":"2017-01-23T21:17:43","slug":"40-jahreshauptversammlung-des-rsc-77-bimbach-neuer-alter-vorstand-und-tolle-aussichten-in-der-kommenden-saison","status":"publish","type":"post","link":"https:\/\/www.fuldaernachrichten.de\/?p=159395","title":{"rendered":"40. Jahreshauptversammlung des RSC `77 Bimbach &#8211; Neuer \u201ealter\u201c Vorstand und tolle Aussichten in der kommenden Saison"},"content":{"rendered":"<p>Der RSC \u00e2\u20ac\u212277 Bimbach feiert in diesem Jahr sein 40 j\u00e4hriges Jubil\u00e4um. Zur Jahreshauptversammlung wurde der Vorstand gew\u00e4hlt, der den Club in eine neue Dekade f\u00fchren wird.<\/p>\n<p>Rund die H\u00e4lfte der Mitglieder der gr\u00f6\u00dften Radpsortvereins der Region versammelten sich am vergangenen Freitag zur Jahreshauptversammlung, bei der mit Spannung die Zusammensetzung des neuen Vorstandes erwartet wurde. Die entscheidende Frage, die im Raum Stand: W\u00fcrde sich Wolfram Michel noch einmal f\u00fcr das Amt des Pr\u00e4sidenten stellen? Zuvor jedenfalls hatte er angek\u00fcndigt, nicht wieder anzutreten. Bangen bis zuletzt bei den Mitgliedern. Immerhin fungierte Michel in seiner bisher 6 j\u00e4hrigen Amtszeit als perfektes Bindeglied zwischen der \u00e4lteren und der jungen Generation und gab dem Club eine F\u00fclle neuer Impulse. Zur Freude aller Mitglieder stellte er sich noch einmal f\u00fcr weitere zwei Jahre und wurde einstimmig wiedergew\u00e4hlt.<br \/>\nBei der Besetzung der weiteren Vorstandsmitglieder gab es wenig \u00dcberraschungen. Die meisten der bisherigen Amtsinhaber \u00fcbernehmen auch in den kommenden zwei Jahren ihre Aufgabe. Einzig den Job des Pressewartes \u00fcbernimmt ab sofort der Kommunikationsberater Christoph Blum vom Vorg\u00e4nger Steffen Huder.<\/p>\n<p>Positive Bilanz 2016 &#8211; gute Prognose 2017<\/p>\n<p>Insgesamt zog man, r\u00fcckblickend auf das vergangene Jahr, eine positive Bilanz: Acht neue Vereinsmitglieder, eine extrem hohe Beteiligung des \u00f6ffentlichen Rennrad-Trainings, zunehmend auch weibliche Teilnehmer bei diversen Aktivit\u00e4ten und viele vereinsinterne Events lassen 2016 in einem angenehmen Licht erscheinen. Auch das Top-Event, der Rh\u00f6n-Radmarathon, hat trotz schwieriger Witterungsbedingungen weiter an Popularit\u00e4t in der Radsportszene gewonnen. So konnte bei der vor kurzem er\u00f6ffneten Anmeldung zum diesj\u00e4hrigen Event ein bisher nie da gewesener Ansturm an Anmeldungen verzeichnet werden.<br \/>\nAuch in der kommenden Saison wird es wieder viele Aktionen innerhalb des Vereins und f\u00fcr Rad-begeisterte Nichtmitglieder geben. Mindestens 7 mehrt\u00e4gige Ausfahrten mit Rennrad und Mountainbike und viele gemeinsame Feierlichkeiten stehen im Jubil\u00e4umsjahr im prall gef\u00fcllten Terminkalender. Sie belegen, dass es sich beim RSC Bimbach um einen lebendigen Radsportclub handelt, in dem neben dem Sport die Geselligkeit einen ann\u00e4hernd hohen Stellenwert hat.<\/p>\n<p>Der neue Vorstand des RSC `Bimbach:<br \/>\n&#8211; 1. Vorsitzender Wolfram Michel<br \/>\n&#8211; 2. Vorsitzender Frank Scheiber<br \/>\n&#8211; 1. Kassierer Lars Nordmeier<br \/>\n&#8211; 2. Kassierer Christian Kirr<br \/>\n&#8211; Schriftf\u00fchrerin Verena M\u00fcller<br \/>\n&#8211; RTF Wart Florian Auth<br \/>\n&#8211; Rennwart Markus Happel<br \/>\n&#8211; Pressewart Christoph Blum<\/p>\n","protected":false},"excerpt":{"rendered":"<div class=\"tmnf_excerpt\"><p>Der RSC \u00e2\u20ac\u212277 Bimbach feiert in diesem Jahr sein 40 j\u00e4hriges Jubil\u00e4um. Zur Jahreshauptversammlung wurde der Vorstand gew\u00e4hlt, der den Club in eine neue Dekade f\u00fchren wird. Rund die H\u00e4lfte der Mitglieder der gr\u00f6\u00dften Radpsortvereins der Region versammelten sich am vergangenen Freitag zur Jahreshauptversammlung, bei der mit Spannung die Zusammensetzung des neuen Vorstandes erwartet wurde. &hellip;<\/p>\n<\/div>","protected":false},"author":1,"featured_media":0,"comment_status":"closed","ping_status":"closed","sticky":false,"template":"","format":"standard","meta":{"footnotes":""},"categories":[1],"tags":[],"class_list":["post-159395","post","type-post","status-publish","format-standard","hentry","category-startseite"],"_links":{"self":[{"href":"https:\/\/www.fuldaernachrichten.de\/index.php?rest_route=\/wp\/v2\/posts\/159395","targetHints":{"allow":["GET"]}}],"collection":[{"href":"https:\/\/www.fuldaernachrichten.de\/index.php?rest_route=\/wp\/v2\/posts"}],"about":[{"href":"https:\/\/www.fuldaernachrichten.de\/index.php?rest_route=\/wp\/v2\/types\/post"}],"author":[{"embeddable":true,"href":"https:\/\/www.fuldaernachrichten.de\/index.php?rest_route=\/wp\/v2\/users\/1"}],"replies":[{"embeddable":true,"href":"https:\/\/www.fuldaernachrichten.de\/index.php?rest_route=%2Fwp%2Fv2%2Fcomments&post=159395"}],"version-history":[{"count":1,"href":"https:\/\/www.fuldaernachrichten.de\/index.php?rest_route=\/wp\/v2\/posts\/159395\/revisions"}],"predecessor-version":[{"id":159396,"href":"https:\/\/www.fuldaernachrichten.de\/index.php?rest_route=\/wp\/v2\/posts\/159395\/revisions\/159396"}],"wp:attachment":[{"href":"https:\/\/www.fuldaernachrichten.de\/index.php?rest_route=%2Fwp%2Fv2%2Fmedia&parent=159395"}],"wp:term":[{"taxonomy":"category","embeddable":true,"href":"https:\/\/www.fuldaernachrichten.de\/index.php?rest_route=%2Fwp%2Fv2%2Fcategories&post=159395"},{"taxonomy":"post_tag","embeddable":true,"href":"https:\/\/www.fuldaernachrichten.de\/index.php?rest_route=%2Fwp%2Fv2%2Ftags&post=159395"}],"curies":[{"name":"wp","href":"https:\/\/api.w.org\/{rel}","templated":true}]}}