{"id":159391,"date":"2017-01-23T22:20:22","date_gmt":"2017-01-23T21:20:22","guid":{"rendered":"http:\/\/www.fuldaer-nachrichten.de\/?p=159391"},"modified":"2017-01-23T22:21:31","modified_gmt":"2017-01-23T21:21:31","slug":"innovatives-handwerk-und-produkterlebnis","status":"publish","type":"post","link":"https:\/\/www.fuldaernachrichten.de\/?p=159391","title":{"rendered":"Innovatives Handwerk und Produkterlebnis"},"content":{"rendered":"<p><a href=\"http:\/\/www.fuldaer-nachrichten.de\/wp-content\/uploads\/2017\/01\/Presseinformation-1-20.01.17.jpeg\"><img decoding=\"async\" class=\"alignleft size-thumbnail wp-image-159407\" src=\"http:\/\/www.fuldaer-nachrichten.de\/wp-content\/uploads\/2017\/01\/Presseinformation-1-20.01.17-265x177.jpeg\" alt=\"\" width=\"265\" height=\"177\" srcset=\"https:\/\/www.fuldaernachrichten.de\/wp-content\/uploads\/2017\/01\/Presseinformation-1-20.01.17-265x177.jpeg 265w, https:\/\/www.fuldaernachrichten.de\/wp-content\/uploads\/2017\/01\/Presseinformation-1-20.01.17-600x400.jpeg 600w, https:\/\/www.fuldaernachrichten.de\/wp-content\/uploads\/2017\/01\/Presseinformation-1-20.01.17.jpeg 640w\" sizes=\"(max-width: 265px) 100vw, 265px\" \/><\/a>Wo geht\u00e2\u20ac\u2122s lang beim Bauen, im Handwerk, im Wohnbereich oder im Garten? Die trend-messe Fulda zeigt es. Von 16. bis 19. M\u00e4rz 2017 stellen Betriebe und Handwerker aus der Region ihre Produkte, ihre Dienstleistungen und \u2013 wichtig f\u00fcr Schulabg\u00e4nger und Fachkr\u00e4fte \u2013 Berufe und Jobangebote mit Zukunft vor.<\/p>\n<p>Am 16. M\u00e4rz ist es wieder so weit. Die von der Kreishandwerkerschaft veranstaltete trend-messe Fulda \u00f6ffnet in der Messe-Galerie ihre Pforten. 2017 wird sie das f\u00fcnfte Mal von der Kinold-Ausstellungsgesellschaft durchgef\u00fchrt, deren Gesch\u00e4ftsf\u00fchrer, Birgit und Peter Kinold, sich \u00fcber die positive Entwicklung der Messe freuen. \u201eDer wachsende Zuspruch sowohl von Aussteller- als auch Besucherseite best\u00e4tigt uns auf dem Weg, die Bereiche Bauen, Handwerk und Wohnen in ihren vielf\u00e4ltigen Facetten zu beleuchten und den Besuchern neben reiner Information zus\u00e4tzlich Erlebnisqualit\u00e4t zu bieten.\u201c, meint Peter Kinold. \u201eUm die Anziehungskraft der trend-messe weiter zu steigern, kooperieren wir beispielsweise mit Handelsunternehmen und integrieren Sondermessen wie die Grillmesse oder die Elektrofachmesse.\u201c<\/p>\n<p>Leben und Wohnen ohne Barrieren<br \/>\nDie klassischen Kernthemen der trend-messe lauten Bauen, Wohnen, Energie. Bauherren, Bauinteressierte und alle, die Wert auf ein sch\u00f6nes Zuhause legen k\u00f6nnen sich \u00fcber Baustoffe, Baubiologie, Energie- und Heiztechnik, Fenster, T\u00fcren, D\u00e4cher, aber auch \u00fcber Innenausstattung und Inneneinrichtung informieren und Produkte vergleichen. Thematisiert werden das \u201eLeben und Wohnen ohne Barrieren\u201c, das in unserer \u00e4lter werdenden Gesellschaft zunehmend an Bedeutung gewinnt, ebenso wie die Wohnzukunft in digital vernetzten H\u00e4usern.<\/p>\n<p>Smart Home &amp; Co. auf der Elektrofachmesse<br \/>\nGer\u00e4te und Systeme, die man f\u00fcr so ein digital vernetztes \u201eSmart Home\u201c ben\u00f6tigt, findet man auf der Elektrofachmesse in Halle 4. Die M\u00fcller Unternehmensgruppe aus Fulda, zu der Euronics XXL, Trabert Gro\u00dfhandel und Technikplus geh\u00f6ren, bietet hier auf rund 1.300 Quadratmetern einen Einblick in die gesamte Bandbreite der Elektrotechnik. In Themenparks werden die neuesten TV-Ger\u00e4te, Streaming-Lautsprecher, Tablets und Notebooks, Haushaltsger\u00e4te, Konferenz- und Medientechnik etc. vorgestellt. Topmarken wie Samsung, Panasonic, Apple oder Miele sind selbstverst\u00e4ndlich mit dabei. \u201eVom Live-Cooking bei Miele \u00fcber Computerspiele in der Gaming Area bis zum Test von Hoverboards oder Drohnen im Freigel\u00e4nde, wir bieten neben Information immer auch Aktion,\u201c betont Hans-J\u00fcrgen M\u00fcller, Mitinhaber der Unternehmensgruppe, \u201eund zudem gibt es Gewinnspiele und Sonderpreise.\u201c<\/p>\n<p>Grillmesse pr\u00e4sentiert technische Produktrevolution<br \/>\nZum modernen Lifestyle z\u00e4hlt das Grillen und Genie\u00dfen gemeinsam mit Familie und Freunden. Das Bad Hersfelder Unternehmen Grillf\u00fcrst, Deutschlands gr\u00f6\u00dfter Fachhandel f\u00fcr Grillger\u00e4te und Zubeh\u00f6r, pr\u00e4sentiert auf 1.550 Quadratmetern Sch\u00f6nes, Praktisches, Aromatisches und Innovatives rund ums Outdoorcooking. Alle gro\u00dfen Herstellermarken wie Weber, Broil King, Napoleon, R\u00f6sle, Outdoorchef, Th\u00fcros, Landmann, Grandhall und Barbecook sind mit eigenen St\u00e4nden vertreten. Auf diesen wird man nicht nur aus erster Hand beraten, hier wird au\u00dferdem live gegrillt. Kostproben f\u00fcr die Besucher inbegriffen. Gesch\u00e4ftsf\u00fchrer Joachim Weber freut sich auf ein besonderes Messehighlight: \u201eGrillf\u00fcrst f\u00fchrt mit Ziegler &amp; Brown eine neue revolution\u00e4re Grilltechnik in den Markt ein. Und zwar auf der Grillmesse 2017 in Halle 6.\u201c<\/p>\n<p>Handwerk und Berufe mit Zukunft<br \/>\nAuch das Handwerk am Wirtschaftsstandort Osthessen wartet mit innovativen Ideen auf. Auf der trend-messe 2017 zeigen unterschiedliche Branchen und Gewerke, wie modern ihr Handwerk ist. Parallel wird am Er\u00f6ffnungstag der Messe der 3. Innovationspreis verliehen. Mit dem gemeinsam von der Kreishandwerkerschaft, Kinold-Messen und der Fuldaer Zeitung ausgelobten Preis, werden Betriebe ausgezeichnet, die mit neuen zukunftsf\u00e4higen Konzepten, Produkten oder Dienstleistungen ihre Wettbewerbsf\u00e4higkeit st\u00e4rken, Arbeitspl\u00e4tze sichern und die regionale Wirtschaft vorw\u00e4rtsbringen. Was man dazu au\u00dfer Ideen braucht, sind qualifizierte Fachkr\u00e4fte. In Messehalle 7 dreht sich daher alles um die duale Ausbildung. Interessierte k\u00f6nnen sich in \u00fcber einem Dutzend Lehrwerkst\u00e4tten ein Bild von der Vielfalt handwerklicher Berufe machen und unter Anleitung von Auszubildenden mitarbeiten. \u201eAnders als in der konventionellen Berufsberatung lernt man dabei die Arbeit mit eigenen H\u00e4nden kennen. Das weckt Leidenschaft und Begeisterung.\u201c sagt Dr. Herbert B\u00fcttner, Pressesprecher und stellvertretender Gesch\u00e4ftsf\u00fchrer der Kreishandwerkerschaft, und erg\u00e4nzt: \u201eWer einen Ausbildungsplatz sucht, ist in unserer Lehrbauhalle genau richtig.\u201c Dass gute Fachkr\u00e4fte zunehmend Mangelware werden, sp\u00fcren neben den Handwerksbetrieben viele Unternehmen. Auf der trend-messe pr\u00e4sentieren sie sich und ihre attraktiven Jobangebote.<\/p>\n<p>Zur Messe:<br \/>\nDie trend-messe zu den Themen Bau, Handwerk, Ausbildung findet von 16. bis 19. M\u00e4rz 2017 auf dem Gel\u00e4nde Messe-Galerie Fulda statt. Veranstalter ist die Kreishandwerkerschaft Fulda, die Durchf\u00fchrung liegt in den H\u00e4nden der Kinold-Ausstellungsgesellschaft. Der Eintritt f\u00fcr Kinder und Jugendliche unter 18 Jahren ist frei. Die Besucherparkpl\u00e4tze am Messegel\u00e4nde sowie der Buspendelverkehr von und zum Stadtzentrum sind kostenlos. Ge\u00f6ffnet ist t\u00e4glich von 10.00 bis 18.00 Uhr.<\/p>\n","protected":false},"excerpt":{"rendered":"<div class=\"tmnf_excerpt\"><p>Wo geht\u00e2\u20ac\u2122s lang beim Bauen, im Handwerk, im Wohnbereich oder im Garten? Die trend-messe Fulda zeigt es. Von 16. bis 19. M\u00e4rz 2017 stellen Betriebe und Handwerker aus der Region ihre Produkte, ihre Dienstleistungen und \u2013 wichtig f\u00fcr Schulabg\u00e4nger und Fachkr\u00e4fte \u2013 Berufe und Jobangebote mit Zukunft vor. Am 16. M\u00e4rz ist es wieder so &hellip;<\/p>\n<\/div>","protected":false},"author":1,"featured_media":159408,"comment_status":"closed","ping_status":"closed","sticky":false,"template":"","format":"standard","meta":{"footnotes":""},"categories":[1],"tags":[],"class_list":["post-159391","post","type-post","status-publish","format-standard","has-post-thumbnail","hentry","category-startseite"],"_links":{"self":[{"href":"https:\/\/www.fuldaernachrichten.de\/index.php?rest_route=\/wp\/v2\/posts\/159391","targetHints":{"allow":["GET"]}}],"collection":[{"href":"https:\/\/www.fuldaernachrichten.de\/index.php?rest_route=\/wp\/v2\/posts"}],"about":[{"href":"https:\/\/www.fuldaernachrichten.de\/index.php?rest_route=\/wp\/v2\/types\/post"}],"author":[{"embeddable":true,"href":"https:\/\/www.fuldaernachrichten.de\/index.php?rest_route=\/wp\/v2\/users\/1"}],"replies":[{"embeddable":true,"href":"https:\/\/www.fuldaernachrichten.de\/index.php?rest_route=%2Fwp%2Fv2%2Fcomments&post=159391"}],"version-history":[{"count":2,"href":"https:\/\/www.fuldaernachrichten.de\/index.php?rest_route=\/wp\/v2\/posts\/159391\/revisions"}],"predecessor-version":[{"id":159409,"href":"https:\/\/www.fuldaernachrichten.de\/index.php?rest_route=\/wp\/v2\/posts\/159391\/revisions\/159409"}],"wp:featuredmedia":[{"embeddable":true,"href":"https:\/\/www.fuldaernachrichten.de\/index.php?rest_route=\/wp\/v2\/media\/159408"}],"wp:attachment":[{"href":"https:\/\/www.fuldaernachrichten.de\/index.php?rest_route=%2Fwp%2Fv2%2Fmedia&parent=159391"}],"wp:term":[{"taxonomy":"category","embeddable":true,"href":"https:\/\/www.fuldaernachrichten.de\/index.php?rest_route=%2Fwp%2Fv2%2Fcategories&post=159391"},{"taxonomy":"post_tag","embeddable":true,"href":"https:\/\/www.fuldaernachrichten.de\/index.php?rest_route=%2Fwp%2Fv2%2Ftags&post=159391"}],"curies":[{"name":"wp","href":"https:\/\/api.w.org\/{rel}","templated":true}]}}