{"id":159383,"date":"2017-01-23T04:15:32","date_gmt":"2017-01-23T03:15:32","guid":{"rendered":"http:\/\/www.fuldaer-nachrichten.de\/?p=159383"},"modified":"2017-01-22T09:16:22","modified_gmt":"2017-01-22T08:16:22","slug":"auszubildende-wissen-was-die-region-und-ihre-bewohner-bewegt","status":"publish","type":"post","link":"https:\/\/www.fuldaernachrichten.de\/?p=159383","title":{"rendered":"Auszubildende wissen, was die Region und ihre Bewohner bewegt"},"content":{"rendered":"<p>Flei\u00df, Intelligenz und ein bisschen Gl\u00fcck: All das war n\u00f6tig, um bei der Aktion \u201eAzubi 2016 \u2013 Fit f\u00fcr eine komplexe Welt\u201c mit Erfolg abzuschneiden. Einen Monat haben die Auszubildenden des ersten Ausbildungsjahres der Kreisverwaltung aufmerksam die Fuldaer Zeitung gelesen.<\/p>\n<p>T\u00e4glich beantworteten sie eine Frage, die auf der Titelseite gestellt wurde. Die Antwort galt es, beim Lesen der aktuellen Ausgabe zu entschl\u00fcsseln. Mit der Aktion, die gemeinsam von der IHK, der Kreishandwerkerschaft und der Fuldaer Zeitung bereits zum siebten Male durchgef\u00fchrt wurde, soll neben dem Leseverst\u00e4ndnis auch die Allgemeinbildung der Jugendlichen gef\u00f6rdert werden.<\/p>\n<p>Unter den 33 Auszubildenden, die von insgesamt 337 Teilnehmern die volle Punktzahl erreichten, befanden sich auch sieben Auszubildende der Kreisverwaltung. Am Ende war es Gl\u00fccksache, denn das Los musste \u00fcber die Gewinner entscheiden. Den dritten Platz belegte Natalie Beier, die sich \u00fcber ein Preisgeld von 200 Euro freuen durfte. Die \u00fcbrigen sechs Preistr\u00e4ger erhielten jeweils 90 Euro.<\/p>\n<p>Die gl\u00fccklichen Preistr\u00e4ger von links: Natascha Koch, Tabea Steuernagel, Alisa Heurich, Kerstin Dittmar, Natalie Beier, Julia Schwab, Fabian Fr\u00f6hlich<\/p>\n","protected":false},"excerpt":{"rendered":"<div class=\"tmnf_excerpt\"><p>Flei\u00df, Intelligenz und ein bisschen Gl\u00fcck: All das war n\u00f6tig, um bei der Aktion \u201eAzubi 2016 \u2013 Fit f\u00fcr eine komplexe Welt\u201c mit Erfolg abzuschneiden. Einen Monat haben die Auszubildenden des ersten Ausbildungsjahres der Kreisverwaltung aufmerksam die Fuldaer Zeitung gelesen. T\u00e4glich beantworteten sie eine Frage, die auf der Titelseite gestellt wurde. Die Antwort galt es, &hellip;<\/p>\n<\/div>","protected":false},"author":1,"featured_media":159384,"comment_status":"closed","ping_status":"closed","sticky":false,"template":"","format":"standard","meta":{"footnotes":""},"categories":[1],"tags":[],"class_list":["post-159383","post","type-post","status-publish","format-standard","has-post-thumbnail","hentry","category-startseite"],"_links":{"self":[{"href":"https:\/\/www.fuldaernachrichten.de\/index.php?rest_route=\/wp\/v2\/posts\/159383","targetHints":{"allow":["GET"]}}],"collection":[{"href":"https:\/\/www.fuldaernachrichten.de\/index.php?rest_route=\/wp\/v2\/posts"}],"about":[{"href":"https:\/\/www.fuldaernachrichten.de\/index.php?rest_route=\/wp\/v2\/types\/post"}],"author":[{"embeddable":true,"href":"https:\/\/www.fuldaernachrichten.de\/index.php?rest_route=\/wp\/v2\/users\/1"}],"replies":[{"embeddable":true,"href":"https:\/\/www.fuldaernachrichten.de\/index.php?rest_route=%2Fwp%2Fv2%2Fcomments&post=159383"}],"version-history":[{"count":1,"href":"https:\/\/www.fuldaernachrichten.de\/index.php?rest_route=\/wp\/v2\/posts\/159383\/revisions"}],"predecessor-version":[{"id":159386,"href":"https:\/\/www.fuldaernachrichten.de\/index.php?rest_route=\/wp\/v2\/posts\/159383\/revisions\/159386"}],"wp:featuredmedia":[{"embeddable":true,"href":"https:\/\/www.fuldaernachrichten.de\/index.php?rest_route=\/wp\/v2\/media\/159384"}],"wp:attachment":[{"href":"https:\/\/www.fuldaernachrichten.de\/index.php?rest_route=%2Fwp%2Fv2%2Fmedia&parent=159383"}],"wp:term":[{"taxonomy":"category","embeddable":true,"href":"https:\/\/www.fuldaernachrichten.de\/index.php?rest_route=%2Fwp%2Fv2%2Fcategories&post=159383"},{"taxonomy":"post_tag","embeddable":true,"href":"https:\/\/www.fuldaernachrichten.de\/index.php?rest_route=%2Fwp%2Fv2%2Ftags&post=159383"}],"curies":[{"name":"wp","href":"https:\/\/api.w.org\/{rel}","templated":true}]}}